{"id":8432,"date":"2018-12-31T12:57:54","date_gmt":"2018-12-31T11:57:54","guid":{"rendered":"https:\/\/www.aq-arium.com\/aqmarine\/?p=8432"},"modified":"2020-11-25T11:51:50","modified_gmt":"2020-11-25T10:51:50","slug":"luz-actinica-a-que-se-debe-el-efecto-fosforescente-en-los-corales","status":"publish","type":"post","link":"https:\/\/www.aq-arium.com\/aqmarine\/luz-actinica-a-que-se-debe-el-efecto-fosforescente-en-los-corales\/","title":{"rendered":"Luz Act\u00ednica \u00bfA que se debe el efecto fosforescente en los corales?"},"content":{"rendered":"<p><iframe loading=\"lazy\" title=\"110g reef tank video\" width=\"500\" height=\"281\" src=\"https:\/\/www.youtube.com\/embed\/7r1ZqEgNNUc?start=349&#038;feature=oembed\" frameborder=\"0\" allow=\"accelerometer; autoplay; clipboard-write; encrypted-media; gyroscope; picture-in-picture; web-share\" referrerpolicy=\"strict-origin-when-cross-origin\" allowfullscreen><\/iframe><\/p>\n<p><span style=\"color: #000000;\">\u00bfA qu\u00e9 se deben esos tonos entre azulado y violeta que ti\u00f1en estas im\u00e1genes?<\/span><\/p>\n<p><span style=\"color: #000000;\">Se debe a la luz utilizada para iluminar el acuario, conocida como\u00a0<b>luz act\u00ednica<\/b>. Y hay una buena raz\u00f3n para hacerlo, m\u00e1s all\u00e1 de motivos est\u00e9ticos.<\/span><\/p>\n<p style=\"font-weight: 400;\"><span style=\"color: #000000;\">Esa luz es la que reciben los corales y otros seres vivos que se encuentran en el l\u00edmite de la llamada\u00a0<strong>zona f\u00f3tica<\/strong>, que es como se llama la zona en la que penetran los rayos solares. La profundidad a la que llegan \u00e9stos es muy variable y depende de varios factores. Uno de ellos es\u00a0<em>su inclinaci\u00f3n<\/em>; cuanto m\u00e1s alto en el horizonte se encuentre el Sol y m\u00e1s vertical sean sus rayos, mayor ser\u00e1 su poder de penetraci\u00f3n. Otro factor muy importante es\u00a0<em>la turbidez del agua<\/em>, que depende de las part\u00edculas en suspensi\u00f3n que contenga. No es lo mismo el agua de un pantano, que el agua cristalina de algunas regiones tropicales. En el primer caso, el l\u00edmite de la zona f\u00f3tica puede situarse a menos de un metro de la superficie, mientras que en el segundo caso puede superar ampliamente el centenar de metros.<\/span><\/p>\n<p style=\"font-weight: 400;\"><span style=\"color: #000000;\">Por un motivo o por otro, lo que ocurre es que, al penetrar en el agua, \u00e9sta act\u00faa como un filtro de la luz. Hay que tener en cuenta que la luz visible, aquella que el ojo humano puede captar, es en realidad un conjunto de ondas electromagn\u00e9ticas con distintas longitudes de ondas, comprendidas entre los 400 y\u00a0 los 750 nan\u00f3metros. Cada una de estas longitudes de onda es percibida por nuestro ojo como un color diferente, que van desde el violeta al rojo. El azul, por ejemplo, tiene una longitud de onda de 450 nan\u00f3metros.<\/span><\/p>\n<table>\n<tbody>\n<tr>\n<td>\u00a0<img loading=\"lazy\" decoding=\"async\" class=\"alignnone size-full wp-image-8433\" src=\"https:\/\/www.aq-arium.com\/aqmarine\/wp-content\/uploads\/2018\/12\/1000px-Electromagnetic_spectrum-es.svg_.png\" alt=\"1000px-Electromagnetic_spectrum-es.svg\" width=\"640\" height=\"196\" srcset=\"https:\/\/www.aq-arium.com\/aqmarine\/wp-content\/uploads\/2018\/12\/1000px-Electromagnetic_spectrum-es.svg_.png 640w, https:\/\/www.aq-arium.com\/aqmarine\/wp-content\/uploads\/2018\/12\/1000px-Electromagnetic_spectrum-es.svg_-600x184.png 600w, https:\/\/www.aq-arium.com\/aqmarine\/wp-content\/uploads\/2018\/12\/1000px-Electromagnetic_spectrum-es.svg_-300x92.png 300w\" sizes=\"auto, (max-width: 640px) 100vw, 640px\" \/><\/td>\n<\/tr>\n<tr>\n<td>(<a href=\"http:\/\/commons.wikimedia.org\/wiki\/File:Electromagnetic_spectrum-es.svg\">Fuente<\/a>)<\/td>\n<\/tr>\n<\/tbody>\n<\/table>\n<p style=\"font-weight: 400;\"><span style=\"color: #000000;\">Cuanto mayor es la longitud de onda de la radiaci\u00f3n que se considere, menor es su poder de penetraci\u00f3n. As\u00ed, la luz roja es la primera en ser filtrada, ya que s\u00f3lo puede penetrar una corta distancia. A medida que los rayos solares alcanzan una mayor profundidad, pierden sus rayos naranjas y amarillos, y as\u00ed sucesivamente con el resto de colores del espectro visible. De todos ellos, la luz azul y violeta es la que tiene un mayor poder de penetraci\u00f3n. Precisamente\u00a0<strong>se llama luz act\u00ednica a la que tiene una longitud de onda que oscila entre los 400 y los 480 nm<\/strong>. Es decir, su luz es una combinaci\u00f3n de azules y violetas.<\/span><\/p>\n<p style=\"font-weight: 400;\"><span style=\"color: #000000;\">\u00bfY cu\u00e1l es el papel que juega la luz act\u00ednica en todo esto? Pues es fundamental para el desarrollo de corales y otros organismos marinos, ya que estimula el crecimiento de las llamadas\u00a0<strong><a style=\"color: #000000;\" href=\"http:\/\/es.wikipedia.org\/wiki\/Zooxanthellae\">zooxantelas<\/a><\/strong>.<\/span><\/p>\n<p style=\"font-weight: 400;\"><span style=\"color: #000000;\">Las zooxantelas son microalgas unicelulares que viven en simbiosis con los corales. Por un lado, los corales proporcionan a estas algas un hogar y, a trav\u00e9s de su\u00a0<strong><a style=\"color: #000000;\" href=\"http:\/\/es.wikipedia.org\/wiki\/Respiraci%C3%B3n_celular\">respiraci\u00f3n celular<\/a><\/strong>, di\u00f3xido de carbono y agua. Por otro lado, las zooxantelas aprovechan la luz act\u00ednica, junto con el di\u00f3xido de carbono y el agua que reciben de los corales, para realizar la fotos\u00edntesis. Como resultado producen ox\u00edgeno y otros nutrientes, tales como az\u00facares y l\u00edpidos, que el coral utiliza en su respiraci\u00f3n celular, cerrando el c\u00edrculo.<\/span><\/p>\n<table>\n<tbody>\n<tr>\n<td>\u00a0<img loading=\"lazy\" decoding=\"async\" class=\"size-full wp-image-8437 aligncenter\" src=\"https:\/\/www.aq-arium.com\/aqmarine\/wp-content\/uploads\/2018\/12\/zoox_1.jpg\" alt=\"zoox_1\" width=\"320\" height=\"240\" srcset=\"https:\/\/www.aq-arium.com\/aqmarine\/wp-content\/uploads\/2018\/12\/zoox_1.jpg 320w, https:\/\/www.aq-arium.com\/aqmarine\/wp-content\/uploads\/2018\/12\/zoox_1-300x225.jpg 300w, https:\/\/www.aq-arium.com\/aqmarine\/wp-content\/uploads\/2018\/12\/zoox_1-240x180.jpg 240w\" sizes=\"auto, (max-width: 320px) 100vw, 320px\" \/><\/td>\n<\/tr>\n<tr>\n<td><span style=\"color: #000000;\">Las zooxantelas, vistas al microscopio<\/span> (<a href=\"http:\/\/oceanworld.tamu.edu\/students\/coral\/images\/zoox_1.jpg\">fuente<\/a>)<\/td>\n<\/tr>\n<\/tbody>\n<\/table>\n<p><span style=\"color: #000000;\">Las zooxantelas tambi\u00e9n son las responsables de los colores tan vivos que tienen los corales. En particular, esos tonos verdes fosforescentes que se ve\u00edan en el v\u00eddeo se deben a la clorofila, la mol\u00e9cula que juega un papel fundamental en la fotos\u00edntesis y que permite a las algas -y tambi\u00e9n a las plantas, por supuesto- obtener energ\u00eda de la luz solar.<\/span><\/p>\n<table>\n<tbody>\n<tr>\n<td>\u00a0<img loading=\"lazy\" decoding=\"async\" class=\"size-full wp-image-8434 aligncenter\" src=\"https:\/\/www.aq-arium.com\/aqmarine\/wp-content\/uploads\/2018\/12\/flat550x550075f.jpg\" alt=\"flat,550x550,075,f\" width=\"550\" height=\"385\" srcset=\"https:\/\/www.aq-arium.com\/aqmarine\/wp-content\/uploads\/2018\/12\/flat550x550075f.jpg 550w, https:\/\/www.aq-arium.com\/aqmarine\/wp-content\/uploads\/2018\/12\/flat550x550075f-300x210.jpg 300w\" sizes=\"auto, (max-width: 550px) 100vw, 550px\" \/><\/td>\n<\/tr>\n<tr>\n<td><span style=\"color: #000000;\">Arrecife de coral en el Mar Rojo (Cr\u00e9dito: Carlos Villoch)<\/span><\/td>\n<\/tr>\n<\/tbody>\n<\/table>\n<p><span style=\"color: #000000;\">Esa simbiosis perfecta entre corales y zooxantelas es la clave de su \u00e9xito en los oc\u00e9anos. Especialmente maravillosa es la\u00a0<strong><a style=\"color: #000000;\" href=\"http:\/\/es.wikipedia.org\/wiki\/Gran_barrera_de_coral\">Gran Barrera de Coral<\/a><\/strong>, el mayor arrecife de coral del mundo, que se extiende a lo largo de m\u00e1s de 2500 kil\u00f3metros por el Mar del Coral, cerca de Australia. Es una estructura tan impresionante que se divisa desde el espacio.\u00a0<\/span><\/p>\n<table>\n<tbody>\n<tr>\n<td>\u00a0<img loading=\"lazy\" decoding=\"async\" class=\"size-full wp-image-8435 aligncenter\" src=\"https:\/\/www.aq-arium.com\/aqmarine\/wp-content\/uploads\/2018\/12\/GreatBarrierReef-EO.jpg\" alt=\"GreatBarrierReef-EO\" width=\"400\" height=\"400\" srcset=\"https:\/\/www.aq-arium.com\/aqmarine\/wp-content\/uploads\/2018\/12\/GreatBarrierReef-EO.jpg 400w, https:\/\/www.aq-arium.com\/aqmarine\/wp-content\/uploads\/2018\/12\/GreatBarrierReef-EO-300x300.jpg 300w, https:\/\/www.aq-arium.com\/aqmarine\/wp-content\/uploads\/2018\/12\/GreatBarrierReef-EO-100x100.jpg 100w, https:\/\/www.aq-arium.com\/aqmarine\/wp-content\/uploads\/2018\/12\/GreatBarrierReef-EO-150x150.jpg 150w, https:\/\/www.aq-arium.com\/aqmarine\/wp-content\/uploads\/2018\/12\/GreatBarrierReef-EO-50x50.jpg 50w, https:\/\/www.aq-arium.com\/aqmarine\/wp-content\/uploads\/2018\/12\/GreatBarrierReef-EO-320x320.jpg 320w, https:\/\/www.aq-arium.com\/aqmarine\/wp-content\/uploads\/2018\/12\/GreatBarrierReef-EO-240x240.jpg 240w\" sizes=\"auto, (max-width: 400px) 100vw, 400px\" \/><\/td>\n<\/tr>\n<tr>\n<td><span style=\"color: #000000;\">Impresionante vista a\u00e9rea de la Gran Barrera de Coral<\/span> (<a href=\"http:\/\/commons.wikimedia.org\/wiki\/File:GreatBarrierReef-EO.JPG\">fuente<\/a>)<\/td>\n<\/tr>\n<\/tbody>\n<\/table>\n<p style=\"text-align: left;\"><span style=\"color: #000000;\">Desgraciadamente, los corales se est\u00e1n viendo muy afectados por el cambio clim\u00e1tico. Al calentarse las aguas donde habitan, el coral se &#8220;estresa&#8221; y rompe el delicado equilibrio con las zooxantelas, expuls\u00e1ndolas. Entonces el coral pierde su coloraci\u00f3n habitual, pasando a adquirir un tono blancuzco. Y lo que es peor, si esta situaci\u00f3n se prolonga demasiado tiempo y la colonia de zooxantelas no se recupera, el coral acaba muriendo. Este proceso es lo que se conoce como &#8220;<strong><a style=\"color: #000000;\" href=\"http:\/\/es.wikipedia.org\/wiki\/Blanqueo_de_coral\">blanqueo de coral<\/a><\/strong>&#8220;.<\/span><\/p>\n<table>\n<tbody>\n<tr>\n<td>\u00a0<img loading=\"lazy\" decoding=\"async\" class=\"size-full wp-image-8436 aligncenter\" src=\"https:\/\/www.aq-arium.com\/aqmarine\/wp-content\/uploads\/2018\/12\/798px-Keppelbleaching.jpg\" alt=\"798px-Keppelbleaching\" width=\"400\" height=\"301\" srcset=\"https:\/\/www.aq-arium.com\/aqmarine\/wp-content\/uploads\/2018\/12\/798px-Keppelbleaching.jpg 400w, https:\/\/www.aq-arium.com\/aqmarine\/wp-content\/uploads\/2018\/12\/798px-Keppelbleaching-300x226.jpg 300w, https:\/\/www.aq-arium.com\/aqmarine\/wp-content\/uploads\/2018\/12\/798px-Keppelbleaching-320x240.jpg 320w, https:\/\/www.aq-arium.com\/aqmarine\/wp-content\/uploads\/2018\/12\/798px-Keppelbleaching-240x180.jpg 240w\" sizes=\"auto, (max-width: 400px) 100vw, 400px\" \/><\/td>\n<\/tr>\n<tr>\n<td>E<span style=\"color: #000000;\">n primer plano, un coral blanqueado; al fondo, uno sano<\/span> (<a href=\"http:\/\/en.wikipedia.org\/wiki\/File:Keppelbleaching.jpg\" target=\"_blank\" rel=\"noopener noreferrer\">fuente<\/a>)<\/td>\n<\/tr>\n<\/tbody>\n<\/table>\n<p><span style=\"color: #000000;\">Un \u00faltimo detalle para finalizar.\u00a0Si te apetece\u00a0consultar el diccionario, descubrir\u00e1s que seg\u00fan la RAE, actinismo es\u00a0<strong>la acci\u00f3n qu\u00edmica de las radiaciones electromagn\u00e9ticas, en especial las luminosas<\/strong>. Y que esta palabra deriva de la palabra griega que significa rayo luminoso.<\/span><\/p>\n<p><span style=\"color: #000000;\">Art\u00edculo extra\u00eddo del blog sobre ciencia<\/span>\u00a0<span style=\"color: #00ccff;\"><a href=\"http:\/\/www.laaventuradelaciencia.blogspot.com\">www.laaventuradelaciencia.blogspot.com<\/a><\/span><\/p>\n","protected":false},"excerpt":{"rendered":"<p>\u00bfA qu\u00e9 se deben esos tonos entre azulado y violeta que ti\u00f1en estas im\u00e1genes? Se debe a la luz utilizada para iluminar el acuario, conocida como\u00a0luz act\u00ednica. Y hay una buena raz\u00f3n para hacerlo, m\u00e1s all\u00e1 de motivos est\u00e9ticos. Esa luz es la que reciben los corales y otros seres vivos que se encuentran en [&hellip;]<\/p>\n","protected":false},"author":1,"featured_media":8444,"comment_status":"closed","ping_status":"open","sticky":false,"template":"","format":"standard","meta":{"_acf_changed":false,"_jetpack_memberships_contains_paid_content":false,"footnotes":""},"categories":[415,8],"tags":[],"class_list":["post-8432","post","type-post","status-publish","format-standard","has-post-thumbnail","hentry","category-articulo","category-iluminacion"],"acf":[],"yoast_head":"<!-- This site is optimized with the Yoast SEO plugin v23.9 - https:\/\/yoast.com\/wordpress\/plugins\/seo\/ -->\n<title>Luz Act\u00ednica \u00bfA que se debe el efecto fosforescente en los corales? - AQ, Aquarium Solutions<\/title>\n<meta name=\"description\" content=\"Luz Act\u00ednica \u00bfA que se debe el efecto fosforescente en los corales?\" \/>\n<meta name=\"robots\" content=\"index, follow, max-snippet:-1, max-image-preview:large, max-video-preview:-1\" \/>\n<link rel=\"canonical\" href=\"https:\/\/www.aq-arium.com\/aqmarine\/luz-actinica-a-que-se-debe-el-efecto-fosforescente-en-los-corales\/\" \/>\n<meta property=\"og:locale\" content=\"es_ES\" \/>\n<meta property=\"og:type\" content=\"article\" \/>\n<meta property=\"og:title\" content=\"Luz Act\u00ednica \u00bfA que se debe el efecto fosforescente en los corales? - AQ, Aquarium Solutions\" \/>\n<meta property=\"og:description\" content=\"Luz Act\u00ednica \u00bfA que se debe el efecto fosforescente en los corales?\" \/>\n<meta property=\"og:url\" content=\"https:\/\/www.aq-arium.com\/aqmarine\/luz-actinica-a-que-se-debe-el-efecto-fosforescente-en-los-corales\/\" \/>\n<meta property=\"og:site_name\" content=\"AQ, Aquarium Solutions\" \/>\n<meta property=\"article:publisher\" content=\"https:\/\/www.instagram.com\/aq.arium\/\" \/>\n<meta property=\"article:published_time\" content=\"2018-12-31T11:57:54+00:00\" \/>\n<meta property=\"article:modified_time\" content=\"2020-11-25T10:51:50+00:00\" \/>\n<meta property=\"og:image\" content=\"https:\/\/www.aq-arium.com\/aqmarine\/wp-content\/uploads\/2018\/12\/2726.jpg\" \/>\n\t<meta property=\"og:image:width\" content=\"1920\" \/>\n\t<meta property=\"og:image:height\" content=\"1080\" \/>\n\t<meta property=\"og:image:type\" content=\"image\/jpeg\" \/>\n<meta name=\"author\" content=\"Ramon\" \/>\n<meta name=\"twitter:card\" content=\"summary_large_image\" \/>\n<meta name=\"twitter:creator\" content=\"@AArium56877\" \/>\n<meta name=\"twitter:site\" content=\"@AArium56877\" \/>\n<meta name=\"twitter:label1\" content=\"Escrito por\" \/>\n\t<meta name=\"twitter:data1\" content=\"Ramon\" \/>\n\t<meta name=\"twitter:label2\" content=\"Tiempo de lectura\" \/>\n\t<meta name=\"twitter:data2\" content=\"4 minutos\" \/>\n<script type=\"application\/ld+json\" class=\"yoast-schema-graph\">{\"@context\":\"https:\/\/schema.org\",\"@graph\":[{\"@type\":\"Article\",\"@id\":\"https:\/\/www.aq-arium.com\/aqmarine\/luz-actinica-a-que-se-debe-el-efecto-fosforescente-en-los-corales\/#article\",\"isPartOf\":{\"@id\":\"https:\/\/www.aq-arium.com\/aqmarine\/luz-actinica-a-que-se-debe-el-efecto-fosforescente-en-los-corales\/\"},\"author\":{\"name\":\"Ramon\",\"@id\":\"https:\/\/www.aq-arium.com\/aqmarine\/#\/schema\/person\/8da7885115f66b7bc9d95c7cdf2de69f\"},\"headline\":\"Luz Act\u00ednica \u00bfA que se debe el efecto fosforescente en los corales?\",\"datePublished\":\"2018-12-31T11:57:54+00:00\",\"dateModified\":\"2020-11-25T10:51:50+00:00\",\"mainEntityOfPage\":{\"@id\":\"https:\/\/www.aq-arium.com\/aqmarine\/luz-actinica-a-que-se-debe-el-efecto-fosforescente-en-los-corales\/\"},\"wordCount\":889,\"publisher\":{\"@id\":\"https:\/\/www.aq-arium.com\/aqmarine\/#organization\"},\"image\":{\"@id\":\"https:\/\/www.aq-arium.com\/aqmarine\/luz-actinica-a-que-se-debe-el-efecto-fosforescente-en-los-corales\/#primaryimage\"},\"thumbnailUrl\":\"https:\/\/www.aq-arium.com\/aqmarine\/wp-content\/uploads\/2018\/12\/2726.jpg\",\"articleSection\":[\"Art\u00edculos\",\"Iluminaci\u00f3n\"],\"inLanguage\":\"es-ES\"},{\"@type\":\"WebPage\",\"@id\":\"https:\/\/www.aq-arium.com\/aqmarine\/luz-actinica-a-que-se-debe-el-efecto-fosforescente-en-los-corales\/\",\"url\":\"https:\/\/www.aq-arium.com\/aqmarine\/luz-actinica-a-que-se-debe-el-efecto-fosforescente-en-los-corales\/\",\"name\":\"Luz Act\u00ednica \u00bfA que se debe el efecto fosforescente en los corales? - AQ, Aquarium Solutions\",\"isPartOf\":{\"@id\":\"https:\/\/www.aq-arium.com\/aqmarine\/#website\"},\"primaryImageOfPage\":{\"@id\":\"https:\/\/www.aq-arium.com\/aqmarine\/luz-actinica-a-que-se-debe-el-efecto-fosforescente-en-los-corales\/#primaryimage\"},\"image\":{\"@id\":\"https:\/\/www.aq-arium.com\/aqmarine\/luz-actinica-a-que-se-debe-el-efecto-fosforescente-en-los-corales\/#primaryimage\"},\"thumbnailUrl\":\"https:\/\/www.aq-arium.com\/aqmarine\/wp-content\/uploads\/2018\/12\/2726.jpg\",\"datePublished\":\"2018-12-31T11:57:54+00:00\",\"dateModified\":\"2020-11-25T10:51:50+00:00\",\"description\":\"Luz Act\u00ednica \u00bfA que se debe el efecto fosforescente en los corales?\",\"breadcrumb\":{\"@id\":\"https:\/\/www.aq-arium.com\/aqmarine\/luz-actinica-a-que-se-debe-el-efecto-fosforescente-en-los-corales\/#breadcrumb\"},\"inLanguage\":\"es-ES\",\"potentialAction\":[{\"@type\":\"ReadAction\",\"target\":[\"https:\/\/www.aq-arium.com\/aqmarine\/luz-actinica-a-que-se-debe-el-efecto-fosforescente-en-los-corales\/\"]}]},{\"@type\":\"ImageObject\",\"inLanguage\":\"es-ES\",\"@id\":\"https:\/\/www.aq-arium.com\/aqmarine\/luz-actinica-a-que-se-debe-el-efecto-fosforescente-en-los-corales\/#primaryimage\",\"url\":\"https:\/\/www.aq-arium.com\/aqmarine\/wp-content\/uploads\/2018\/12\/2726.jpg\",\"contentUrl\":\"https:\/\/www.aq-arium.com\/aqmarine\/wp-content\/uploads\/2018\/12\/2726.jpg\",\"width\":1920,\"height\":1080},{\"@type\":\"BreadcrumbList\",\"@id\":\"https:\/\/www.aq-arium.com\/aqmarine\/luz-actinica-a-que-se-debe-el-efecto-fosforescente-en-los-corales\/#breadcrumb\",\"itemListElement\":[{\"@type\":\"ListItem\",\"position\":1,\"name\":\"Portada\",\"item\":\"https:\/\/www.aq-arium.com\/aqmarine\/\"},{\"@type\":\"ListItem\",\"position\":2,\"name\":\"Luz Act\u00ednica \u00bfA que se debe el efecto fosforescente en los corales?\"}]},{\"@type\":\"WebSite\",\"@id\":\"https:\/\/www.aq-arium.com\/aqmarine\/#website\",\"url\":\"https:\/\/www.aq-arium.com\/aqmarine\/\",\"name\":\"AQ, Aquarium Solutions\",\"description\":\"Productos para Acuario Marino y Dulce\",\"publisher\":{\"@id\":\"https:\/\/www.aq-arium.com\/aqmarine\/#organization\"},\"potentialAction\":[{\"@type\":\"SearchAction\",\"target\":{\"@type\":\"EntryPoint\",\"urlTemplate\":\"https:\/\/www.aq-arium.com\/aqmarine\/?s={search_term_string}\"},\"query-input\":{\"@type\":\"PropertyValueSpecification\",\"valueRequired\":true,\"valueName\":\"search_term_string\"}}],\"inLanguage\":\"es-ES\"},{\"@type\":\"Organization\",\"@id\":\"https:\/\/www.aq-arium.com\/aqmarine\/#organization\",\"name\":\"AQ-arium Solutions\",\"url\":\"https:\/\/www.aq-arium.com\/aqmarine\/\",\"logo\":{\"@type\":\"ImageObject\",\"inLanguage\":\"es-ES\",\"@id\":\"https:\/\/www.aq-arium.com\/aqmarine\/#\/schema\/logo\/image\/\",\"url\":\"https:\/\/www.aq-arium.com\/aqmarine\/wp-content\/uploads\/2021\/08\/AQ-arium-Solutions-logo-100x47px-1.png\",\"contentUrl\":\"https:\/\/www.aq-arium.com\/aqmarine\/wp-content\/uploads\/2021\/08\/AQ-arium-Solutions-logo-100x47px-1.png\",\"width\":100,\"height\":47,\"caption\":\"AQ-arium Solutions\"},\"image\":{\"@id\":\"https:\/\/www.aq-arium.com\/aqmarine\/#\/schema\/logo\/image\/\"},\"sameAs\":[\"https:\/\/www.instagram.com\/aq.arium\/\",\"https:\/\/x.com\/AArium56877\"]},{\"@type\":\"Person\",\"@id\":\"https:\/\/www.aq-arium.com\/aqmarine\/#\/schema\/person\/8da7885115f66b7bc9d95c7cdf2de69f\",\"name\":\"Ramon\",\"image\":{\"@type\":\"ImageObject\",\"inLanguage\":\"es-ES\",\"@id\":\"https:\/\/www.aq-arium.com\/aqmarine\/#\/schema\/person\/image\/\",\"url\":\"https:\/\/www.aq-arium.com\/aqmarine\/wp-content\/litespeed\/avatar\/a5fa2772a59e07444469f4a330306bed.jpg?ver=1777078473\",\"contentUrl\":\"https:\/\/www.aq-arium.com\/aqmarine\/wp-content\/litespeed\/avatar\/a5fa2772a59e07444469f4a330306bed.jpg?ver=1777078473\",\"caption\":\"Ramon\"},\"url\":\"https:\/\/www.aq-arium.com\/aqmarine\/author\/aq\/\"}]}<\/script>\n<!-- \/ Yoast SEO plugin. -->","yoast_head_json":{"title":"Luz Act\u00ednica \u00bfA que se debe el efecto fosforescente en los corales? - AQ, Aquarium Solutions","description":"Luz Act\u00ednica \u00bfA que se debe el efecto fosforescente en los corales?","robots":{"index":"index","follow":"follow","max-snippet":"max-snippet:-1","max-image-preview":"max-image-preview:large","max-video-preview":"max-video-preview:-1"},"canonical":"https:\/\/www.aq-arium.com\/aqmarine\/luz-actinica-a-que-se-debe-el-efecto-fosforescente-en-los-corales\/","og_locale":"es_ES","og_type":"article","og_title":"Luz Act\u00ednica \u00bfA que se debe el efecto fosforescente en los corales? - AQ, Aquarium Solutions","og_description":"Luz Act\u00ednica \u00bfA que se debe el efecto fosforescente en los corales?","og_url":"https:\/\/www.aq-arium.com\/aqmarine\/luz-actinica-a-que-se-debe-el-efecto-fosforescente-en-los-corales\/","og_site_name":"AQ, Aquarium Solutions","article_publisher":"https:\/\/www.instagram.com\/aq.arium\/","article_published_time":"2018-12-31T11:57:54+00:00","article_modified_time":"2020-11-25T10:51:50+00:00","og_image":[{"width":1920,"height":1080,"url":"https:\/\/www.aq-arium.com\/aqmarine\/wp-content\/uploads\/2018\/12\/2726.jpg","type":"image\/jpeg"}],"author":"Ramon","twitter_card":"summary_large_image","twitter_creator":"@AArium56877","twitter_site":"@AArium56877","twitter_misc":{"Escrito por":"Ramon","Tiempo de lectura":"4 minutos"},"schema":{"@context":"https:\/\/schema.org","@graph":[{"@type":"Article","@id":"https:\/\/www.aq-arium.com\/aqmarine\/luz-actinica-a-que-se-debe-el-efecto-fosforescente-en-los-corales\/#article","isPartOf":{"@id":"https:\/\/www.aq-arium.com\/aqmarine\/luz-actinica-a-que-se-debe-el-efecto-fosforescente-en-los-corales\/"},"author":{"name":"Ramon","@id":"https:\/\/www.aq-arium.com\/aqmarine\/#\/schema\/person\/8da7885115f66b7bc9d95c7cdf2de69f"},"headline":"Luz Act\u00ednica \u00bfA que se debe el efecto fosforescente en los corales?","datePublished":"2018-12-31T11:57:54+00:00","dateModified":"2020-11-25T10:51:50+00:00","mainEntityOfPage":{"@id":"https:\/\/www.aq-arium.com\/aqmarine\/luz-actinica-a-que-se-debe-el-efecto-fosforescente-en-los-corales\/"},"wordCount":889,"publisher":{"@id":"https:\/\/www.aq-arium.com\/aqmarine\/#organization"},"image":{"@id":"https:\/\/www.aq-arium.com\/aqmarine\/luz-actinica-a-que-se-debe-el-efecto-fosforescente-en-los-corales\/#primaryimage"},"thumbnailUrl":"https:\/\/www.aq-arium.com\/aqmarine\/wp-content\/uploads\/2018\/12\/2726.jpg","articleSection":["Art\u00edculos","Iluminaci\u00f3n"],"inLanguage":"es-ES"},{"@type":"WebPage","@id":"https:\/\/www.aq-arium.com\/aqmarine\/luz-actinica-a-que-se-debe-el-efecto-fosforescente-en-los-corales\/","url":"https:\/\/www.aq-arium.com\/aqmarine\/luz-actinica-a-que-se-debe-el-efecto-fosforescente-en-los-corales\/","name":"Luz Act\u00ednica \u00bfA que se debe el efecto fosforescente en los corales? - AQ, Aquarium Solutions","isPartOf":{"@id":"https:\/\/www.aq-arium.com\/aqmarine\/#website"},"primaryImageOfPage":{"@id":"https:\/\/www.aq-arium.com\/aqmarine\/luz-actinica-a-que-se-debe-el-efecto-fosforescente-en-los-corales\/#primaryimage"},"image":{"@id":"https:\/\/www.aq-arium.com\/aqmarine\/luz-actinica-a-que-se-debe-el-efecto-fosforescente-en-los-corales\/#primaryimage"},"thumbnailUrl":"https:\/\/www.aq-arium.com\/aqmarine\/wp-content\/uploads\/2018\/12\/2726.jpg","datePublished":"2018-12-31T11:57:54+00:00","dateModified":"2020-11-25T10:51:50+00:00","description":"Luz Act\u00ednica \u00bfA que se debe el efecto fosforescente en los corales?","breadcrumb":{"@id":"https:\/\/www.aq-arium.com\/aqmarine\/luz-actinica-a-que-se-debe-el-efecto-fosforescente-en-los-corales\/#breadcrumb"},"inLanguage":"es-ES","potentialAction":[{"@type":"ReadAction","target":["https:\/\/www.aq-arium.com\/aqmarine\/luz-actinica-a-que-se-debe-el-efecto-fosforescente-en-los-corales\/"]}]},{"@type":"ImageObject","inLanguage":"es-ES","@id":"https:\/\/www.aq-arium.com\/aqmarine\/luz-actinica-a-que-se-debe-el-efecto-fosforescente-en-los-corales\/#primaryimage","url":"https:\/\/www.aq-arium.com\/aqmarine\/wp-content\/uploads\/2018\/12\/2726.jpg","contentUrl":"https:\/\/www.aq-arium.com\/aqmarine\/wp-content\/uploads\/2018\/12\/2726.jpg","width":1920,"height":1080},{"@type":"BreadcrumbList","@id":"https:\/\/www.aq-arium.com\/aqmarine\/luz-actinica-a-que-se-debe-el-efecto-fosforescente-en-los-corales\/#breadcrumb","itemListElement":[{"@type":"ListItem","position":1,"name":"Portada","item":"https:\/\/www.aq-arium.com\/aqmarine\/"},{"@type":"ListItem","position":2,"name":"Luz Act\u00ednica \u00bfA que se debe el efecto fosforescente en los corales?"}]},{"@type":"WebSite","@id":"https:\/\/www.aq-arium.com\/aqmarine\/#website","url":"https:\/\/www.aq-arium.com\/aqmarine\/","name":"AQ, Aquarium Solutions","description":"Productos para Acuario Marino y Dulce","publisher":{"@id":"https:\/\/www.aq-arium.com\/aqmarine\/#organization"},"potentialAction":[{"@type":"SearchAction","target":{"@type":"EntryPoint","urlTemplate":"https:\/\/www.aq-arium.com\/aqmarine\/?s={search_term_string}"},"query-input":{"@type":"PropertyValueSpecification","valueRequired":true,"valueName":"search_term_string"}}],"inLanguage":"es-ES"},{"@type":"Organization","@id":"https:\/\/www.aq-arium.com\/aqmarine\/#organization","name":"AQ-arium Solutions","url":"https:\/\/www.aq-arium.com\/aqmarine\/","logo":{"@type":"ImageObject","inLanguage":"es-ES","@id":"https:\/\/www.aq-arium.com\/aqmarine\/#\/schema\/logo\/image\/","url":"https:\/\/www.aq-arium.com\/aqmarine\/wp-content\/uploads\/2021\/08\/AQ-arium-Solutions-logo-100x47px-1.png","contentUrl":"https:\/\/www.aq-arium.com\/aqmarine\/wp-content\/uploads\/2021\/08\/AQ-arium-Solutions-logo-100x47px-1.png","width":100,"height":47,"caption":"AQ-arium Solutions"},"image":{"@id":"https:\/\/www.aq-arium.com\/aqmarine\/#\/schema\/logo\/image\/"},"sameAs":["https:\/\/www.instagram.com\/aq.arium\/","https:\/\/x.com\/AArium56877"]},{"@type":"Person","@id":"https:\/\/www.aq-arium.com\/aqmarine\/#\/schema\/person\/8da7885115f66b7bc9d95c7cdf2de69f","name":"Ramon","image":{"@type":"ImageObject","inLanguage":"es-ES","@id":"https:\/\/www.aq-arium.com\/aqmarine\/#\/schema\/person\/image\/","url":"https:\/\/www.aq-arium.com\/aqmarine\/wp-content\/litespeed\/avatar\/a5fa2772a59e07444469f4a330306bed.jpg?ver=1777078473","contentUrl":"https:\/\/www.aq-arium.com\/aqmarine\/wp-content\/litespeed\/avatar\/a5fa2772a59e07444469f4a330306bed.jpg?ver=1777078473","caption":"Ramon"},"url":"https:\/\/www.aq-arium.com\/aqmarine\/author\/aq\/"}]}},"jetpack_sharing_enabled":true,"jetpack_featured_media_url":"https:\/\/www.aq-arium.com\/aqmarine\/wp-content\/uploads\/2018\/12\/2726.jpg","_links":{"self":[{"href":"https:\/\/www.aq-arium.com\/aqmarine\/wp-json\/wp\/v2\/posts\/8432","targetHints":{"allow":["GET"]}}],"collection":[{"href":"https:\/\/www.aq-arium.com\/aqmarine\/wp-json\/wp\/v2\/posts"}],"about":[{"href":"https:\/\/www.aq-arium.com\/aqmarine\/wp-json\/wp\/v2\/types\/post"}],"author":[{"embeddable":true,"href":"https:\/\/www.aq-arium.com\/aqmarine\/wp-json\/wp\/v2\/users\/1"}],"replies":[{"embeddable":true,"href":"https:\/\/www.aq-arium.com\/aqmarine\/wp-json\/wp\/v2\/comments?post=8432"}],"version-history":[{"count":0,"href":"https:\/\/www.aq-arium.com\/aqmarine\/wp-json\/wp\/v2\/posts\/8432\/revisions"}],"wp:featuredmedia":[{"embeddable":true,"href":"https:\/\/www.aq-arium.com\/aqmarine\/wp-json\/wp\/v2\/media\/8444"}],"wp:attachment":[{"href":"https:\/\/www.aq-arium.com\/aqmarine\/wp-json\/wp\/v2\/media?parent=8432"}],"wp:term":[{"taxonomy":"category","embeddable":true,"href":"https:\/\/www.aq-arium.com\/aqmarine\/wp-json\/wp\/v2\/categories?post=8432"},{"taxonomy":"post_tag","embeddable":true,"href":"https:\/\/www.aq-arium.com\/aqmarine\/wp-json\/wp\/v2\/tags?post=8432"}],"curies":[{"name":"wp","href":"https:\/\/api.w.org\/{rel}","templated":true}]}}