{"id":26005,"date":"2022-07-18T08:33:53","date_gmt":"2022-07-18T07:33:53","guid":{"rendered":"https:\/\/www.aq-arium.com\/aqmarine\/?p=26005"},"modified":"2022-07-18T08:41:42","modified_gmt":"2022-07-18T07:41:42","slug":"ola-de-calor-y-como-diferenciarla-de-las-temperaturas-del-verano","status":"publish","type":"post","link":"https:\/\/www.aq-arium.com\/aqmarine\/ola-de-calor-y-como-diferenciarla-de-las-temperaturas-del-verano\/","title":{"rendered":"Ola de calor y c\u00f3mo diferenciarla de las temperaturas del verano"},"content":{"rendered":"\t\t<div data-elementor-type=\"wp-post\" data-elementor-id=\"26005\" class=\"elementor elementor-26005\" data-elementor-settings=\"[]\">\n\t\t\t\t\t\t<div class=\"elementor-inner\">\n\t\t\t\t\t\t\t<div class=\"elementor-section-wrap\">\n\t\t\t\t\t\t\t<section class=\"elementor-section elementor-top-section elementor-element elementor-element-ac6a8cf elementor-section-boxed elementor-section-height-default elementor-section-height-default\" data-id=\"ac6a8cf\" data-element_type=\"section\">\n\t\t\t\t\t\t\t<div class=\"elementor-background-overlay\"><\/div>\n\t\t\t\t\t\t\t<div class=\"elementor-container elementor-column-gap-default\">\n\t\t\t\t\t\t\t<div class=\"elementor-row\">\n\t\t\t\t\t<div class=\"elementor-column elementor-col-100 elementor-top-column elementor-element elementor-element-74c8e59\" data-id=\"74c8e59\" data-element_type=\"column\">\n\t\t\t<div class=\"elementor-column-wrap elementor-element-populated\">\n\t\t\t\t\t\t\t<div class=\"elementor-widget-wrap\">\n\t\t\t\t\t\t<div class=\"elementor-element elementor-element-5610c66 elementor-widget elementor-widget-spacer\" data-id=\"5610c66\" data-element_type=\"widget\" data-widget_type=\"spacer.default\">\n\t\t\t\t<div class=\"elementor-widget-container\">\n\t\t\t\t\t<div class=\"elementor-spacer\">\n\t\t\t<div class=\"elementor-spacer-inner\"><\/div>\n\t\t<\/div>\n\t\t\t\t<\/div>\n\t\t\t\t<\/div>\n\t\t\t\t\t\t<\/div>\n\t\t\t\t\t<\/div>\n\t\t<\/div>\n\t\t\t\t\t\t\t\t<\/div>\n\t\t\t\t\t<\/div>\n\t\t<\/section>\n\t\t\t\t<section class=\"elementor-section elementor-top-section elementor-element elementor-element-4355d8a elementor-section-boxed elementor-section-height-default elementor-section-height-default\" data-id=\"4355d8a\" data-element_type=\"section\">\n\t\t\t\t\t\t<div class=\"elementor-container elementor-column-gap-default\">\n\t\t\t\t\t\t\t<div class=\"elementor-row\">\n\t\t\t\t\t<div class=\"elementor-column elementor-col-100 elementor-top-column elementor-element elementor-element-88a1137\" data-id=\"88a1137\" data-element_type=\"column\">\n\t\t\t<div class=\"elementor-column-wrap elementor-element-populated\">\n\t\t\t\t\t\t\t<div class=\"elementor-widget-wrap\">\n\t\t\t\t\t\t<div class=\"elementor-element elementor-element-2a1c93a elementor-widget elementor-widget-heading\" data-id=\"2a1c93a\" data-element_type=\"widget\" data-widget_type=\"heading.default\">\n\t\t\t\t<div class=\"elementor-widget-container\">\n\t\t\t<h2 class=\"elementor-heading-title elementor-size-default\">\u00bfQu\u00e9 es una ola de calor y c\u00f3mo diferenciarla de las temperaturas propias del verano?<\/h2>\t\t<\/div>\n\t\t\t\t<\/div>\n\t\t\t\t\t\t<\/div>\n\t\t\t\t\t<\/div>\n\t\t<\/div>\n\t\t\t\t\t\t\t\t<\/div>\n\t\t\t\t\t<\/div>\n\t\t<\/section>\n\t\t\t\t<section class=\"elementor-section elementor-top-section elementor-element elementor-element-e11c4c8 elementor-section-boxed elementor-section-height-default elementor-section-height-default\" data-id=\"e11c4c8\" data-element_type=\"section\">\n\t\t\t\t\t\t<div class=\"elementor-container elementor-column-gap-default\">\n\t\t\t\t\t\t\t<div class=\"elementor-row\">\n\t\t\t\t\t<div class=\"elementor-column elementor-col-100 elementor-top-column elementor-element elementor-element-e38d6b7\" data-id=\"e38d6b7\" data-element_type=\"column\">\n\t\t\t<div class=\"elementor-column-wrap elementor-element-populated\">\n\t\t\t\t\t\t\t<div class=\"elementor-widget-wrap\">\n\t\t\t\t\t\t<div class=\"elementor-element elementor-element-54c8e01 elementor-widget elementor-widget-text-editor\" data-id=\"54c8e01\" data-element_type=\"widget\" data-widget_type=\"text-editor.default\">\n\t\t\t\t<div class=\"elementor-widget-container\">\n\t\t\t\t\t<div class=\"elementor-text-editor elementor-clearfix\"><h6 class=\"css-ju6on1\">Hasta un 75 por ciento de las personas podr\u00edan enfrentarse a olas de calor mortales para el a\u00f1o 2100. Pero, en ocasiones, distinguir estos episodios de temperaturas anormalmente altas no es tarea f\u00e1cil.<\/h6><p>Articulo por <a class=\"css-ai0cl0\" href=\"https:\/\/www.nationalgeographic.es\/autor\/cristina-crespo-garay\">CRISTINA CRESPO GARAY<\/a><\/p><\/div>\n\t\t\t\t<\/div>\n\t\t\t\t<\/div>\n\t\t\t\t\t\t<\/div>\n\t\t\t\t\t<\/div>\n\t\t<\/div>\n\t\t\t\t\t\t\t\t<\/div>\n\t\t\t\t\t<\/div>\n\t\t<\/section>\n\t\t\t\t<section class=\"elementor-section elementor-top-section elementor-element elementor-element-23adf09 elementor-section-full_width elementor-section-height-default elementor-section-height-default\" data-id=\"23adf09\" data-element_type=\"section\">\n\t\t\t\t\t\t<div class=\"elementor-container elementor-column-gap-default\">\n\t\t\t\t\t\t\t<div class=\"elementor-row\">\n\t\t\t\t\t<div class=\"elementor-column elementor-col-100 elementor-top-column elementor-element elementor-element-90976b7\" data-id=\"90976b7\" data-element_type=\"column\">\n\t\t\t<div class=\"elementor-column-wrap elementor-element-populated\">\n\t\t\t\t\t\t\t<div class=\"elementor-widget-wrap\">\n\t\t\t\t\t\t<div class=\"elementor-element elementor-element-e3334ef elementor-widget-divider--view-line elementor-widget elementor-widget-divider\" data-id=\"e3334ef\" data-element_type=\"widget\" data-widget_type=\"divider.default\">\n\t\t\t\t<div class=\"elementor-widget-container\">\n\t\t\t\t\t<div class=\"elementor-divider\">\n\t\t\t<span class=\"elementor-divider-separator\">\n\t\t\t\t\t\t<\/span>\n\t\t<\/div>\n\t\t\t\t<\/div>\n\t\t\t\t<\/div>\n\t\t\t\t\t\t<\/div>\n\t\t\t\t\t<\/div>\n\t\t<\/div>\n\t\t\t\t\t\t\t\t<\/div>\n\t\t\t\t\t<\/div>\n\t\t<\/section>\n\t\t\t\t<section class=\"elementor-section elementor-top-section elementor-element elementor-element-93b11de elementor-section-boxed elementor-section-height-default elementor-section-height-default\" data-id=\"93b11de\" data-element_type=\"section\">\n\t\t\t\t\t\t<div class=\"elementor-container elementor-column-gap-default\">\n\t\t\t\t\t\t\t<div class=\"elementor-row\">\n\t\t\t\t\t<div class=\"elementor-column elementor-col-100 elementor-top-column elementor-element elementor-element-33967db\" data-id=\"33967db\" data-element_type=\"column\">\n\t\t\t<div class=\"elementor-column-wrap elementor-element-populated\">\n\t\t\t\t\t\t\t<div class=\"elementor-widget-wrap\">\n\t\t\t\t\t\t<div class=\"elementor-element elementor-element-5b37460 elementor-widget elementor-widget-text-editor\" data-id=\"5b37460\" data-element_type=\"widget\" data-widget_type=\"text-editor.default\">\n\t\t\t\t<div class=\"elementor-widget-container\">\n\t\t\t\t\t<div class=\"elementor-text-editor elementor-clearfix\"><p>El 2022 parece haber adelantado la temporada de olas de calor m\u00e1s de la cuenta en el hemisferio norte. A mediados de mayo ya se hab\u00edan vivido episodios de intenso calor en\u00a0<a href=\"https:\/\/www.nationalgeographic.es\/medio-ambiente\/2022\/05\/el-cambio-climatico-en-accion-las-olas-de-calor-record-en-india-y-pakistan\">India o Pakist\u00e1n<\/a>, y tambi\u00e9n en\u00a0<a href=\"https:\/\/www.eldiario.es\/madrid\/somos\/ola-calor-madrid-aemet-advierte-superar-record-historico-mayo_1_9001469.html\" target=\"_blank\" rel=\"noopener noreferrer\">Espa\u00f1a<\/a>, donde las altas temperaturas del pasado junio rozaron, a\u00fan durante la primavera, los 40 grados en numerosas zonas del pa\u00eds.<\/p><p>Incendios forestales como el que sufri\u00f3 Zamora, que provocaron miles de personas evacuadas y\u00a0<a href=\"https:\/\/www.nationalgeographic.es\/medio-ambiente\/que-consecuencias-tienen-los-grandes-incendios-forestales-en-los-ecosistemas\">una tremenda huella ecol\u00f3gica<\/a>\u00a0son tan solo la parte visible de las implacables consecuencias que dejan tras de s\u00ed las temperaturas extremas, que azotan cada vez m\u00e1s a medida que el calentamiento global avanza.<\/p><p>El a\u00f1o pasado, en el mes de agosto, la estaci\u00f3n meteorol\u00f3gica de Montoro, en C\u00f3rdoba, alcanz\u00f3 el m\u00e1ximo hist\u00f3rico de temperaturas registrado en Espa\u00f1a con 47,4 \u00baC. Menos de un a\u00f1o despu\u00e9s, en mayo 2022,\u00a0<a href=\"http:\/\/www.aemet.es\/documentos_d\/enportada\/20220517112351_p53tesp1.pdf\" target=\"_blank\" rel=\"noopener noreferrer\">la AEMET ya anunciaba la primera gran ola de calor<\/a>\u00a0para el \u00faltimo fin de semana de mayo, con temperaturas\u00a0<a href=\"http:\/\/www.aemet.es\/es\/eltiempo\/prediccion\/avisos\" target=\"_blank\" rel=\"noopener noreferrer\">superando los 40\u00baC en C\u00f3rdoba<\/a>.<\/p><p>Pero, \u00bfqu\u00e9 es exactamente una ola de calor? En los \u00faltimos a\u00f1os, este fen\u00f3meno se ha colado en nuestros medios de comunicaci\u00f3n y redes sociales con generosa frecuencia de la mano de las altas temperaturas de la \u00e9poca estival. Sin embargo, no es solo la temperatura el factor determinante: la duraci\u00f3n de la ola de calor y el n\u00famero de comunidades afectadas es clave para considerar un fen\u00f3meno de altas temperaturas como ola de calor.<\/p><\/div>\n\t\t\t\t<\/div>\n\t\t\t\t<\/div>\n\t\t\t\t\t\t<\/div>\n\t\t\t\t\t<\/div>\n\t\t<\/div>\n\t\t\t\t\t\t\t\t<\/div>\n\t\t\t\t\t<\/div>\n\t\t<\/section>\n\t\t\t\t<section class=\"elementor-section elementor-top-section elementor-element elementor-element-e250c47 elementor-section-boxed elementor-section-height-default elementor-section-height-default\" data-id=\"e250c47\" data-element_type=\"section\">\n\t\t\t\t\t\t<div class=\"elementor-container elementor-column-gap-default\">\n\t\t\t\t\t\t\t<div class=\"elementor-row\">\n\t\t\t\t\t<div class=\"elementor-column elementor-col-100 elementor-top-column elementor-element elementor-element-2affd5d\" data-id=\"2affd5d\" data-element_type=\"column\">\n\t\t\t<div class=\"elementor-column-wrap elementor-element-populated\">\n\t\t\t\t\t\t\t<div class=\"elementor-widget-wrap\">\n\t\t\t\t\t\t<div class=\"elementor-element elementor-element-afbbe34 elementor-widget elementor-widget-text-editor\" data-id=\"afbbe34\" data-element_type=\"widget\" data-widget_type=\"text-editor.default\">\n\t\t\t\t<div class=\"elementor-widget-container\">\n\t\t\t\t\t<div class=\"elementor-text-editor elementor-clearfix\"><h4><strong>\u00bfC\u00f3mo identificar una ola de calor?<\/strong><\/h4><p>Los expertos afirman que los eventos extremos son la nueva norma. Pero, \u00bfc\u00f3mo podemos valorar qu\u00e9 porcentaje de estos fen\u00f3menos meteorol\u00f3gicos entran dentro de la normalidad de las fluctuaciones del clima y cu\u00e1les, sin embargo, son una amenaza causada por el cambio clim\u00e1tico?<\/p><p>\u201cCuando hablamos de clima, de grandes tendencias, las medimos en per\u00edodos de 30 a\u00f1os, porque un \u00fanico a\u00f1o es muy equ\u00edvoco, ya que hay mucha variabilidad natural en el clima mediterr\u00e1neo\u201d, explica el investigador del CREAF Josep Pe\u00f1uelas.<\/p><p>\u201cSi a esa variabilidad natural le sumamos la pauta global del cambio clim\u00e1tico y el efecto de los gases de efecto invernadero, la base va subiendo y por tanto la variabilidad natural nos puede llevar a los fen\u00f3menos extremos, que son los que m\u00e1s nos preocupan, como sequ\u00edas muy largas o precipitaciones que dan lugar a inundaciones u olas de calor\u201d.<\/p><p>Por tanto, uno de los principales problemas a los que nos enfrentamos al hablar de olas de calor, es que seg\u00fan afirma la Aemet, es que no existe una definici\u00f3n \u00fanica y precisa del t\u00e9rmino. \u201cSabemos que se trata de episodios de temperaturas anormalmente altas, que se mantienen varios d\u00edas y afectan a una parte importante de nuestra geograf\u00eda\u201d.<\/p><p>Pero \u00bfqu\u00e9 valor tienen que alcanzar las temperaturas para poder considerarse ola de calor? \u00bfO cu\u00e1ntos d\u00edas tienen que mantenerse?\u00a0<\/p><p><a href=\"http:\/\/www.aemet.es\/documentos\/es\/conocermas\/recursos_en_linea\/publicaciones_y_estudios\/estudios\/Olas_calor\/Olas_Calor_Actualizacion_Junio_2019.pdf\" target=\"_blank\" rel=\"noopener noreferrer\">Seg\u00fan la Aemet<\/a>, se trata de un episodio de al menos tres d\u00edas consecutivos, en el que, como m\u00ednimo, el 10 por ciento de las estaciones consideradas registran m\u00e1ximas por encima del percentil del 95 por ciento de su serie de temperaturas m\u00e1ximas diarias de los meses de julio y agosto del periodo 1971-2000.<\/p><p>Los tres factores que determinan la intensidad de una ola de calor son, por tanto, las temperaturas alcanzadas, su duraci\u00f3n y el territorio al que afecte.<\/p><\/div>\n\t\t\t\t<\/div>\n\t\t\t\t<\/div>\n\t\t\t\t\t\t<\/div>\n\t\t\t\t\t<\/div>\n\t\t<\/div>\n\t\t\t\t\t\t\t\t<\/div>\n\t\t\t\t\t<\/div>\n\t\t<\/section>\n\t\t\t\t<section class=\"elementor-section elementor-top-section elementor-element elementor-element-661a281 elementor-section-boxed elementor-section-height-default elementor-section-height-default\" data-id=\"661a281\" data-element_type=\"section\">\n\t\t\t\t\t\t\t<div class=\"elementor-background-overlay\"><\/div>\n\t\t\t\t\t\t\t<div class=\"elementor-container elementor-column-gap-default\">\n\t\t\t\t\t\t\t<div class=\"elementor-row\">\n\t\t\t\t\t<div class=\"elementor-column elementor-col-100 elementor-top-column elementor-element elementor-element-3884011\" data-id=\"3884011\" data-element_type=\"column\">\n\t\t\t<div class=\"elementor-column-wrap elementor-element-populated\">\n\t\t\t\t\t\t\t<div class=\"elementor-widget-wrap\">\n\t\t\t\t\t\t<div class=\"elementor-element elementor-element-b938670 elementor-widget elementor-widget-text-editor\" data-id=\"b938670\" data-element_type=\"widget\" data-widget_type=\"text-editor.default\">\n\t\t\t\t<div class=\"elementor-widget-container\">\n\t\t\t\t\t<div class=\"elementor-text-editor elementor-clearfix\"><h4><strong>Aumento de temperaturas m\u00e1ximas\u00a0<\/strong><\/h4><p>Este mayor n\u00famero de episodios de temperaturas m\u00e1ximas va de la mano del\u00a0<a href=\"https:\/\/www.nationalgeographic.es\/medio-ambiente\/que-es-el-calentamiento-global\">aumento de la temperatura media en el planeta<\/a>. \u201cEn las series de temperaturas, el desplazamiento del promedio hacia valores m\u00e1s altos conlleva tambi\u00e9n que los valores extremos sean m\u00e1s elevados\u201d, explica Rub\u00e9n del Campo, portavoz de la\u00a0<a href=\"http:\/\/www.aemet.es\/es\/portada\" target=\"_blank\" rel=\"noopener noreferrer\">Agencia Estatal de Meteorolog\u00eda<\/a>\u00a0(Aemet).<\/p><p>Tal y como afirma el\u00a0<a href=\"http:\/\/www.aemet.es\/es\/conocermas\/recursos_en_linea\/publicaciones_y_estudios\/publicaciones\/detalles\/informe_estado_clima\" target=\"_blank\" rel=\"noopener noreferrer\">Informe sobre el estado del clima de Espa\u00f1a 2021<\/a>, \u201cdesde los a\u00f1os 80, cada nuevo decenio ha sido m\u00e1s c\u00e1lido que el anterior\u201d. El informe destaca que los siete a\u00f1os m\u00e1s c\u00e1lidos se han dado desde 2015, y los tres primeros lugares de la clasificaci\u00f3n corresponden a 2016, 2019 y 2020. En lo que respecta al a\u00f1o 2021, los episodios de\u00a0<a href=\"https:\/\/www.nationalgeographic.es\/medio-ambiente\/que-es-el-fenomeno-de-el-nino-y-la-nina\">La Ni\u00f1a<\/a>\u00a0ocurridos entre 2020 y 2022 han supuesto la reducci\u00f3n transitoria del incremento de las temperaturas medias mundiales.<\/p><\/div>\n\t\t\t\t<\/div>\n\t\t\t\t<\/div>\n\t\t\t\t<div class=\"elementor-element elementor-element-fb3beb7 elementor-widget elementor-widget-image\" data-id=\"fb3beb7\" data-element_type=\"widget\" data-widget_type=\"image.default\">\n\t\t\t\t<div class=\"elementor-widget-container\">\n\t\t\t\t\t<div class=\"elementor-image\">\n\t\t\t\t\t\t\t\t\t\t<img loading=\"lazy\" decoding=\"async\" width=\"1190\" height=\"900\" src=\"https:\/\/www.aq-arium.com\/aqmarine\/wp-content\/uploads\/2022\/07\/1_18.png\" class=\"attachment-full size-full\" alt=\"\" srcset=\"https:\/\/www.aq-arium.com\/aqmarine\/wp-content\/uploads\/2022\/07\/1_18.png 1190w, https:\/\/www.aq-arium.com\/aqmarine\/wp-content\/uploads\/2022\/07\/1_18-300x227.png 300w, https:\/\/www.aq-arium.com\/aqmarine\/wp-content\/uploads\/2022\/07\/1_18-1024x774.png 1024w, https:\/\/www.aq-arium.com\/aqmarine\/wp-content\/uploads\/2022\/07\/1_18-768x581.png 768w, https:\/\/www.aq-arium.com\/aqmarine\/wp-content\/uploads\/2022\/07\/1_18-600x454.png 600w\" sizes=\"auto, (max-width: 1190px) 100vw, 1190px\" \/>\t\t\t\t\t\t\t\t\t\t\t<\/div>\n\t\t\t\t<\/div>\n\t\t\t\t<\/div>\n\t\t\t\t<div class=\"elementor-element elementor-element-3362eab elementor-widget elementor-widget-text-editor\" data-id=\"3362eab\" data-element_type=\"widget\" data-widget_type=\"text-editor.default\">\n\t\t\t\t<div class=\"elementor-widget-container\">\n\t\t\t\t\t<div class=\"elementor-text-editor elementor-clearfix\"><p>En nuestro pa\u00eds, 32 millones de personas ya se han visto afectadas por las consecuencias del cambio clim\u00e1tico, seg\u00fan datos del informe\u00a0<em><a href=\"http:\/\/www.aemet.es\/es\/noticias\/2019\/03\/Efectos_del_cambio_climatico_en_espanha\" target=\"_blank\" rel=\"noopener noreferrer\">Efectos del cambio clim\u00e1tico en Espa\u00f1a<\/a>\u00a0<\/em>de la Aemet, que revel\u00f3 las consecuencias del impacto del cambio clim\u00e1tico en los \u00faltimos 40 a\u00f1os de nuestro pa\u00eds.<\/p><p>\u201cUn an\u00e1lisis de la evoluci\u00f3n temporal de temperatura media del verano desde el a\u00f1o 1971 respecto del periodo de referencia 1971-2000 revela un aumento, tanto en frecuencia como en intensidad, de las anomal\u00edas c\u00e1lidas en las \u00faltimas d\u00e9cadas en todo el pa\u00eds. Los datos son, por tanto, consistentes con la percepci\u00f3n de que en verano cada vez hace m\u00e1s calor en toda Espa\u00f1a\u201d,\u00a0<a href=\"http:\/\/www.aemet.es\/es\/noticias\/2019\/03\/Efectos_del_cambio_climatico_en_espanha\" target=\"_blank\" rel=\"noopener noreferrer\">afirma<\/a>\u00a0el estudio.<\/p><p>\u201cEl ascenso de la temperatura es especialmente intenso durante la \u00faltima d\u00e9cada, un dato consistente con el hecho de que los a\u00f1os m\u00e1s c\u00e1lidos se hayan registrado en su mayor\u00eda en el siglo XXI. A esto a\u00f1adimos que una gran parte de los extremos hist\u00f3ricos de temperaturas m\u00e1ximas se est\u00e1n concentrando en el \u00faltimo decenio\u201d.<\/p><\/div>\n\t\t\t\t<\/div>\n\t\t\t\t<\/div>\n\t\t\t\t\t\t<\/div>\n\t\t\t\t\t<\/div>\n\t\t<\/div>\n\t\t\t\t\t\t\t\t<\/div>\n\t\t\t\t\t<\/div>\n\t\t<\/section>\n\t\t\t\t<section class=\"elementor-section elementor-top-section elementor-element elementor-element-fe70f03 elementor-section-boxed elementor-section-height-default elementor-section-height-default\" data-id=\"fe70f03\" data-element_type=\"section\">\n\t\t\t\t\t\t<div class=\"elementor-container elementor-column-gap-default\">\n\t\t\t\t\t\t\t<div class=\"elementor-row\">\n\t\t\t\t\t<div class=\"elementor-column elementor-col-100 elementor-top-column elementor-element elementor-element-0930dc0\" data-id=\"0930dc0\" data-element_type=\"column\">\n\t\t\t<div class=\"elementor-column-wrap elementor-element-populated\">\n\t\t\t\t\t\t\t<div class=\"elementor-widget-wrap\">\n\t\t\t\t\t\t<div class=\"elementor-element elementor-element-0540d1f elementor-widget elementor-widget-text-editor\" data-id=\"0540d1f\" data-element_type=\"widget\" data-widget_type=\"text-editor.default\">\n\t\t\t\t<div class=\"elementor-widget-container\">\n\t\t\t\t\t<div class=\"elementor-text-editor elementor-clearfix\"><h4><strong>Las &#8220;islas de calor&#8221; en las urbes<\/strong><\/h4><p>Adem\u00e1s de la dificultad de distinguir un episodio de ola de calor de las temperaturas com\u00fanmente altas de la \u00e9poca estival, las ciudades presentan otro\u00a0<em>h\u00e1ndicap\u00a0<\/em>que dificulta este proceso: las llamadas islas de calor.<\/p><p>A plena luz del sol, el asfalto puede alcanzar incluso los 75 \u00baC en los d\u00edas de m\u00e1s calor, mientras el c\u00e9sped o la vegetaci\u00f3n apenas pasa los 40\u00baC. &#8220;Esos materiales cogen el calor y lo sueltan. El aire se calienta porque el calor no escapa. Como un efecto invernadero&#8221;,\u00a0<a href=\"https:\/\/www.lainformacion.com\/espana\/por-que-hace-mas-calor-en-las-ciudades-la-isla-de-calor-que-no-te-deja-dormir_9ie7099dha6dyotoc6axr5\/#:~:text=Pongamos%20como%20ejemplo%2C%20el%20hormig%C3%B3n,hasta%20treinta%20grados%20de%20diferencia.\" target=\"_blank\" rel=\"noopener noreferrer\">explica<\/a>\u00a0Ana Casals, portavoz de Aemet.<\/p><p>Por tanto, se trata de una \u201canomal\u00eda t\u00e9rmica positiva en el centro de las ciudades en relaci\u00f3n con la periferia\u201d, que \u201cprovoca un plus t\u00e9rmico nocturno que eleva las temperaturas m\u00ednimas, de forma especialmente relevante durante las olas de calor\u201d, se\u00f1ala Aemet.<\/p><p>\u201cEn un contexto de cambio clim\u00e1tico creciente, el efecto de la \u2018isla de calor\u2019 se ve amplificado, como puede observarse al analizar la evoluci\u00f3n de noches c\u00e1lidas en Madrid\u201d.<\/p><p>Estos datos sit\u00faan las grandes ciudades y la costa mediterr\u00e1nea entre los entornos m\u00e1s especialmente vulnerables al cambio clim\u00e1tico, que provocar\u00e1 un clima extremo, sequ\u00edas, gotas fr\u00edas, hambrunas y fuertes tormentas, seg\u00fan alertaba el pasado a\u00f1o un\u00a0<a href=\"https:\/\/www.nature.com\/articles\/s41558-018-0299-2\" target=\"_blank\" rel=\"noopener noreferrer\">informe<\/a>\u00a0publicado en Nature Climate Change.<\/p><p>\u00a0<\/p><h4><strong>Olas de calor mortales para 2100\u00a0<\/strong><\/h4><p>Otro estudio publicado en 2017 advirti\u00f3 que hasta un 75 por ciento de los habitantes del planeta podr\u00edan enfrentarse a olas de calor mortales para el a\u00f1o 2100 si las emisiones de carbono no disminuyen.\u00a0Sin fuertes reducciones en las emisiones de gases de efecto invernadero, como el CO<sub>2<\/sub>, hasta tres de cada cuatro personas podr\u00edan morir por el calor para el a\u00f1o 2100.<\/p><p>Sin embargo, incluso logrando algunas reducciones, una de cada dos personas a finales de siglo probablemente tendr\u00e1 que enfrentarse a al menos 20 d\u00edas de calor extremo que puede resultar mortal,\u00a0<a href=\"https:\/\/www.nature.com\/nclimate\/journal\/vaop\/ncurrent\/full\/nclimate3322.html\" target=\"_blank\" rel=\"noopener noreferrer\">seg\u00fan el an\u00e1lisis<\/a>\u00a0publicado en\u00a0<em>Nature Climate Change<\/em>.<\/p><p>\u201cIncluso en un escenario de muy bajas emisiones, probablemente el\u00a0<a href=\"https:\/\/www.nationalgeographic.es\/medio-ambiente\/que-es-el-calentamiento-global\">calentamiento global<\/a>\u00a0se sit\u00fae entre 1 y 1,8\u00baC, pero seg\u00fan el IPCC, si se logra reducir las emisiones un 45 por ciento en torno a 2030 y existe la neutralidad de carbono a mediados de siglo, podremos detener el calentamiento en torno a 1,5\u00baC para la segunda mitad del siglo XXI, lo que tendr\u00eda efectos menos nocivos que un calentamiento mayor\u201d, afirma del Campo. \u201cEl da\u00f1o ya est\u00e1 hecho, pero podemos limitarlo\u201d.<\/p><\/div>\n\t\t\t\t<\/div>\n\t\t\t\t<\/div>\n\t\t\t\t\t\t<\/div>\n\t\t\t\t\t<\/div>\n\t\t<\/div>\n\t\t\t\t\t\t\t\t<\/div>\n\t\t\t\t\t<\/div>\n\t\t<\/section>\n\t\t\t\t<section class=\"elementor-section elementor-top-section elementor-element elementor-element-3a93b86 elementor-section-full_width elementor-section-height-default elementor-section-height-default\" data-id=\"3a93b86\" data-element_type=\"section\">\n\t\t\t\t\t\t<div class=\"elementor-container elementor-column-gap-default\">\n\t\t\t\t\t\t\t<div class=\"elementor-row\">\n\t\t\t\t\t<div class=\"elementor-column elementor-col-100 elementor-top-column elementor-element elementor-element-45c45bc\" data-id=\"45c45bc\" data-element_type=\"column\">\n\t\t\t<div class=\"elementor-column-wrap elementor-element-populated\">\n\t\t\t\t\t\t\t<div class=\"elementor-widget-wrap\">\n\t\t\t\t\t\t<div class=\"elementor-element elementor-element-8c5262a elementor-widget-divider--view-line elementor-widget elementor-widget-divider\" data-id=\"8c5262a\" data-element_type=\"widget\" data-widget_type=\"divider.default\">\n\t\t\t\t<div class=\"elementor-widget-container\">\n\t\t\t\t\t<div class=\"elementor-divider\">\n\t\t\t<span class=\"elementor-divider-separator\">\n\t\t\t\t\t\t<\/span>\n\t\t<\/div>\n\t\t\t\t<\/div>\n\t\t\t\t<\/div>\n\t\t\t\t\t\t<\/div>\n\t\t\t\t\t<\/div>\n\t\t<\/div>\n\t\t\t\t\t\t\t\t<\/div>\n\t\t\t\t\t<\/div>\n\t\t<\/section>\n\t\t\t\t<section class=\"elementor-section elementor-top-section elementor-element elementor-element-3a3c55e elementor-section-boxed elementor-section-height-default elementor-section-height-default\" data-id=\"3a3c55e\" data-element_type=\"section\">\n\t\t\t\t\t\t<div class=\"elementor-container elementor-column-gap-default\">\n\t\t\t\t\t\t\t<div class=\"elementor-row\">\n\t\t\t\t\t<div class=\"elementor-column elementor-col-100 elementor-top-column elementor-element elementor-element-45d1a09\" data-id=\"45d1a09\" data-element_type=\"column\">\n\t\t\t<div class=\"elementor-column-wrap elementor-element-populated\">\n\t\t\t\t\t\t\t<div class=\"elementor-widget-wrap\">\n\t\t\t\t\t\t<div class=\"elementor-element elementor-element-14c8c0c elementor-widget elementor-widget-text-editor\" data-id=\"14c8c0c\" data-element_type=\"widget\" data-widget_type=\"text-editor.default\">\n\t\t\t\t<div class=\"elementor-widget-container\">\n\t\t\t\t\t<div class=\"elementor-text-editor elementor-clearfix\"><p><em>Art\u00edculo extra\u00eddo\u00a0de <a href=\"http:\/\/www.nationalgeographic.es\">nationalgeographic.es<\/a><\/em><\/p><\/div>\n\t\t\t\t<\/div>\n\t\t\t\t<\/div>\n\t\t\t\t\t\t<\/div>\n\t\t\t\t\t<\/div>\n\t\t<\/div>\n\t\t\t\t\t\t\t\t<\/div>\n\t\t\t\t\t<\/div>\n\t\t<\/section>\n\t\t\t\t\t\t<\/div>\n\t\t\t\t\t\t<\/div>\n\t\t\t\t\t<\/div>\n\t\t","protected":false},"excerpt":{"rendered":"<p>\u00bfQu\u00e9 es una ola de calor y c\u00f3mo diferenciarla de las temperaturas propias del verano? Hasta un 75 por ciento de las personas podr\u00edan enfrentarse a olas de calor mortales para el a\u00f1o 2100. Pero, en ocasiones, distinguir estos episodios de temperaturas anormalmente altas no es tarea f\u00e1cil. Articulo por CRISTINA CRESPO GARAY El 2022 [&hellip;]<\/p>\n","protected":false},"author":1,"featured_media":26007,"comment_status":"closed","ping_status":"open","sticky":false,"template":"elementor_header_footer","format":"standard","meta":{"_acf_changed":false,"_jetpack_memberships_contains_paid_content":false,"footnotes":""},"categories":[415],"tags":[823,825,824],"class_list":["post-26005","post","type-post","status-publish","format-standard","has-post-thumbnail","hentry","category-articulo","tag-ola-de-calor","tag-temperaturas","tag-verano"],"acf":[],"yoast_head":"<!-- This site is optimized with the Yoast SEO plugin v23.9 - https:\/\/yoast.com\/wordpress\/plugins\/seo\/ -->\n<title>Ola de calor y las temperaturas del verano - AQ, Aquarium Solutions<\/title>\n<meta name=\"description\" content=\"Diferenciar una ola de calor con las temperaturas propias del verano no es siempre una tarea f\u00e1cil. Art\u00edculos\" \/>\n<meta name=\"robots\" content=\"index, follow, max-snippet:-1, max-image-preview:large, max-video-preview:-1\" \/>\n<link rel=\"canonical\" href=\"https:\/\/www.aq-arium.com\/aqmarine\/ola-de-calor-y-como-diferenciarla-de-las-temperaturas-del-verano\/\" \/>\n<meta property=\"og:locale\" content=\"es_ES\" \/>\n<meta property=\"og:type\" content=\"article\" \/>\n<meta property=\"og:title\" content=\"Ola de calor y las temperaturas del verano - AQ, Aquarium Solutions\" \/>\n<meta property=\"og:description\" content=\"Diferenciar una ola de calor con las temperaturas propias del verano no es siempre una tarea f\u00e1cil. Art\u00edculos\" \/>\n<meta property=\"og:url\" content=\"https:\/\/www.aq-arium.com\/aqmarine\/ola-de-calor-y-como-diferenciarla-de-las-temperaturas-del-verano\/\" \/>\n<meta property=\"og:site_name\" content=\"AQ, Aquarium Solutions\" \/>\n<meta property=\"article:publisher\" content=\"https:\/\/www.instagram.com\/aq.arium\/\" \/>\n<meta property=\"article:published_time\" content=\"2022-07-18T07:33:53+00:00\" \/>\n<meta property=\"article:modified_time\" content=\"2022-07-18T07:41:42+00:00\" \/>\n<meta property=\"og:image\" content=\"https:\/\/www.aq-arium.com\/aqmarine\/wp-content\/uploads\/2022\/07\/pexels-oliver-sjostrom-1433052-scaled.jpg\" \/>\n\t<meta property=\"og:image:width\" content=\"2048\" \/>\n\t<meta property=\"og:image:height\" content=\"2560\" \/>\n\t<meta property=\"og:image:type\" content=\"image\/jpeg\" \/>\n<meta name=\"author\" content=\"Ramon\" \/>\n<meta name=\"twitter:card\" content=\"summary_large_image\" \/>\n<meta name=\"twitter:creator\" content=\"@AArium56877\" \/>\n<meta name=\"twitter:site\" content=\"@AArium56877\" \/>\n<meta name=\"twitter:label1\" content=\"Escrito por\" \/>\n\t<meta name=\"twitter:data1\" content=\"Ramon\" \/>\n\t<meta name=\"twitter:label2\" content=\"Tiempo de lectura\" \/>\n\t<meta name=\"twitter:data2\" content=\"7 minutos\" \/>\n<script type=\"application\/ld+json\" class=\"yoast-schema-graph\">{\"@context\":\"https:\/\/schema.org\",\"@graph\":[{\"@type\":\"Article\",\"@id\":\"https:\/\/www.aq-arium.com\/aqmarine\/ola-de-calor-y-como-diferenciarla-de-las-temperaturas-del-verano\/#article\",\"isPartOf\":{\"@id\":\"https:\/\/www.aq-arium.com\/aqmarine\/ola-de-calor-y-como-diferenciarla-de-las-temperaturas-del-verano\/\"},\"author\":{\"name\":\"Ramon\",\"@id\":\"https:\/\/www.aq-arium.com\/aqmarine\/#\/schema\/person\/8da7885115f66b7bc9d95c7cdf2de69f\"},\"headline\":\"Ola de calor y c\u00f3mo diferenciarla de las temperaturas del verano\",\"datePublished\":\"2022-07-18T07:33:53+00:00\",\"dateModified\":\"2022-07-18T07:41:42+00:00\",\"mainEntityOfPage\":{\"@id\":\"https:\/\/www.aq-arium.com\/aqmarine\/ola-de-calor-y-como-diferenciarla-de-las-temperaturas-del-verano\/\"},\"wordCount\":1445,\"publisher\":{\"@id\":\"https:\/\/www.aq-arium.com\/aqmarine\/#organization\"},\"image\":{\"@id\":\"https:\/\/www.aq-arium.com\/aqmarine\/ola-de-calor-y-como-diferenciarla-de-las-temperaturas-del-verano\/#primaryimage\"},\"thumbnailUrl\":\"https:\/\/www.aq-arium.com\/aqmarine\/wp-content\/uploads\/2022\/07\/pexels-oliver-sjostrom-1433052-scaled.jpg\",\"keywords\":[\"ola de calor\",\"temperaturas\",\"verano\"],\"articleSection\":[\"Art\u00edculos\"],\"inLanguage\":\"es-ES\"},{\"@type\":\"WebPage\",\"@id\":\"https:\/\/www.aq-arium.com\/aqmarine\/ola-de-calor-y-como-diferenciarla-de-las-temperaturas-del-verano\/\",\"url\":\"https:\/\/www.aq-arium.com\/aqmarine\/ola-de-calor-y-como-diferenciarla-de-las-temperaturas-del-verano\/\",\"name\":\"Ola de calor y las temperaturas del verano - AQ, Aquarium Solutions\",\"isPartOf\":{\"@id\":\"https:\/\/www.aq-arium.com\/aqmarine\/#website\"},\"primaryImageOfPage\":{\"@id\":\"https:\/\/www.aq-arium.com\/aqmarine\/ola-de-calor-y-como-diferenciarla-de-las-temperaturas-del-verano\/#primaryimage\"},\"image\":{\"@id\":\"https:\/\/www.aq-arium.com\/aqmarine\/ola-de-calor-y-como-diferenciarla-de-las-temperaturas-del-verano\/#primaryimage\"},\"thumbnailUrl\":\"https:\/\/www.aq-arium.com\/aqmarine\/wp-content\/uploads\/2022\/07\/pexels-oliver-sjostrom-1433052-scaled.jpg\",\"datePublished\":\"2022-07-18T07:33:53+00:00\",\"dateModified\":\"2022-07-18T07:41:42+00:00\",\"description\":\"Diferenciar una ola de calor con las temperaturas propias del verano no es siempre una tarea f\u00e1cil. Art\u00edculos\",\"breadcrumb\":{\"@id\":\"https:\/\/www.aq-arium.com\/aqmarine\/ola-de-calor-y-como-diferenciarla-de-las-temperaturas-del-verano\/#breadcrumb\"},\"inLanguage\":\"es-ES\",\"potentialAction\":[{\"@type\":\"ReadAction\",\"target\":[\"https:\/\/www.aq-arium.com\/aqmarine\/ola-de-calor-y-como-diferenciarla-de-las-temperaturas-del-verano\/\"]}]},{\"@type\":\"ImageObject\",\"inLanguage\":\"es-ES\",\"@id\":\"https:\/\/www.aq-arium.com\/aqmarine\/ola-de-calor-y-como-diferenciarla-de-las-temperaturas-del-verano\/#primaryimage\",\"url\":\"https:\/\/www.aq-arium.com\/aqmarine\/wp-content\/uploads\/2022\/07\/pexels-oliver-sjostrom-1433052-scaled.jpg\",\"contentUrl\":\"https:\/\/www.aq-arium.com\/aqmarine\/wp-content\/uploads\/2022\/07\/pexels-oliver-sjostrom-1433052-scaled.jpg\",\"width\":2048,\"height\":2560},{\"@type\":\"BreadcrumbList\",\"@id\":\"https:\/\/www.aq-arium.com\/aqmarine\/ola-de-calor-y-como-diferenciarla-de-las-temperaturas-del-verano\/#breadcrumb\",\"itemListElement\":[{\"@type\":\"ListItem\",\"position\":1,\"name\":\"Portada\",\"item\":\"https:\/\/www.aq-arium.com\/aqmarine\/\"},{\"@type\":\"ListItem\",\"position\":2,\"name\":\"Ola de calor y c\u00f3mo diferenciarla de las temperaturas del verano\"}]},{\"@type\":\"WebSite\",\"@id\":\"https:\/\/www.aq-arium.com\/aqmarine\/#website\",\"url\":\"https:\/\/www.aq-arium.com\/aqmarine\/\",\"name\":\"AQ, Aquarium Solutions\",\"description\":\"Productos para Acuario Marino y Dulce\",\"publisher\":{\"@id\":\"https:\/\/www.aq-arium.com\/aqmarine\/#organization\"},\"potentialAction\":[{\"@type\":\"SearchAction\",\"target\":{\"@type\":\"EntryPoint\",\"urlTemplate\":\"https:\/\/www.aq-arium.com\/aqmarine\/?s={search_term_string}\"},\"query-input\":{\"@type\":\"PropertyValueSpecification\",\"valueRequired\":true,\"valueName\":\"search_term_string\"}}],\"inLanguage\":\"es-ES\"},{\"@type\":\"Organization\",\"@id\":\"https:\/\/www.aq-arium.com\/aqmarine\/#organization\",\"name\":\"AQ-arium Solutions\",\"url\":\"https:\/\/www.aq-arium.com\/aqmarine\/\",\"logo\":{\"@type\":\"ImageObject\",\"inLanguage\":\"es-ES\",\"@id\":\"https:\/\/www.aq-arium.com\/aqmarine\/#\/schema\/logo\/image\/\",\"url\":\"https:\/\/www.aq-arium.com\/aqmarine\/wp-content\/uploads\/2021\/08\/AQ-arium-Solutions-logo-100x47px-1.png\",\"contentUrl\":\"https:\/\/www.aq-arium.com\/aqmarine\/wp-content\/uploads\/2021\/08\/AQ-arium-Solutions-logo-100x47px-1.png\",\"width\":100,\"height\":47,\"caption\":\"AQ-arium Solutions\"},\"image\":{\"@id\":\"https:\/\/www.aq-arium.com\/aqmarine\/#\/schema\/logo\/image\/\"},\"sameAs\":[\"https:\/\/www.instagram.com\/aq.arium\/\",\"https:\/\/x.com\/AArium56877\"]},{\"@type\":\"Person\",\"@id\":\"https:\/\/www.aq-arium.com\/aqmarine\/#\/schema\/person\/8da7885115f66b7bc9d95c7cdf2de69f\",\"name\":\"Ramon\",\"image\":{\"@type\":\"ImageObject\",\"inLanguage\":\"es-ES\",\"@id\":\"https:\/\/www.aq-arium.com\/aqmarine\/#\/schema\/person\/image\/\",\"url\":\"https:\/\/www.aq-arium.com\/aqmarine\/wp-content\/litespeed\/avatar\/a5fa2772a59e07444469f4a330306bed.jpg?ver=1777683366\",\"contentUrl\":\"https:\/\/www.aq-arium.com\/aqmarine\/wp-content\/litespeed\/avatar\/a5fa2772a59e07444469f4a330306bed.jpg?ver=1777683366\",\"caption\":\"Ramon\"},\"url\":\"https:\/\/www.aq-arium.com\/aqmarine\/author\/aq\/\"}]}<\/script>\n<!-- \/ Yoast SEO plugin. -->","yoast_head_json":{"title":"Ola de calor y las temperaturas del verano - AQ, Aquarium Solutions","description":"Diferenciar una ola de calor con las temperaturas propias del verano no es siempre una tarea f\u00e1cil. Art\u00edculos","robots":{"index":"index","follow":"follow","max-snippet":"max-snippet:-1","max-image-preview":"max-image-preview:large","max-video-preview":"max-video-preview:-1"},"canonical":"https:\/\/www.aq-arium.com\/aqmarine\/ola-de-calor-y-como-diferenciarla-de-las-temperaturas-del-verano\/","og_locale":"es_ES","og_type":"article","og_title":"Ola de calor y las temperaturas del verano - AQ, Aquarium Solutions","og_description":"Diferenciar una ola de calor con las temperaturas propias del verano no es siempre una tarea f\u00e1cil. Art\u00edculos","og_url":"https:\/\/www.aq-arium.com\/aqmarine\/ola-de-calor-y-como-diferenciarla-de-las-temperaturas-del-verano\/","og_site_name":"AQ, Aquarium Solutions","article_publisher":"https:\/\/www.instagram.com\/aq.arium\/","article_published_time":"2022-07-18T07:33:53+00:00","article_modified_time":"2022-07-18T07:41:42+00:00","og_image":[{"width":2048,"height":2560,"url":"https:\/\/www.aq-arium.com\/aqmarine\/wp-content\/uploads\/2022\/07\/pexels-oliver-sjostrom-1433052-scaled.jpg","type":"image\/jpeg"}],"author":"Ramon","twitter_card":"summary_large_image","twitter_creator":"@AArium56877","twitter_site":"@AArium56877","twitter_misc":{"Escrito por":"Ramon","Tiempo de lectura":"7 minutos"},"schema":{"@context":"https:\/\/schema.org","@graph":[{"@type":"Article","@id":"https:\/\/www.aq-arium.com\/aqmarine\/ola-de-calor-y-como-diferenciarla-de-las-temperaturas-del-verano\/#article","isPartOf":{"@id":"https:\/\/www.aq-arium.com\/aqmarine\/ola-de-calor-y-como-diferenciarla-de-las-temperaturas-del-verano\/"},"author":{"name":"Ramon","@id":"https:\/\/www.aq-arium.com\/aqmarine\/#\/schema\/person\/8da7885115f66b7bc9d95c7cdf2de69f"},"headline":"Ola de calor y c\u00f3mo diferenciarla de las temperaturas del verano","datePublished":"2022-07-18T07:33:53+00:00","dateModified":"2022-07-18T07:41:42+00:00","mainEntityOfPage":{"@id":"https:\/\/www.aq-arium.com\/aqmarine\/ola-de-calor-y-como-diferenciarla-de-las-temperaturas-del-verano\/"},"wordCount":1445,"publisher":{"@id":"https:\/\/www.aq-arium.com\/aqmarine\/#organization"},"image":{"@id":"https:\/\/www.aq-arium.com\/aqmarine\/ola-de-calor-y-como-diferenciarla-de-las-temperaturas-del-verano\/#primaryimage"},"thumbnailUrl":"https:\/\/www.aq-arium.com\/aqmarine\/wp-content\/uploads\/2022\/07\/pexels-oliver-sjostrom-1433052-scaled.jpg","keywords":["ola de calor","temperaturas","verano"],"articleSection":["Art\u00edculos"],"inLanguage":"es-ES"},{"@type":"WebPage","@id":"https:\/\/www.aq-arium.com\/aqmarine\/ola-de-calor-y-como-diferenciarla-de-las-temperaturas-del-verano\/","url":"https:\/\/www.aq-arium.com\/aqmarine\/ola-de-calor-y-como-diferenciarla-de-las-temperaturas-del-verano\/","name":"Ola de calor y las temperaturas del verano - AQ, Aquarium Solutions","isPartOf":{"@id":"https:\/\/www.aq-arium.com\/aqmarine\/#website"},"primaryImageOfPage":{"@id":"https:\/\/www.aq-arium.com\/aqmarine\/ola-de-calor-y-como-diferenciarla-de-las-temperaturas-del-verano\/#primaryimage"},"image":{"@id":"https:\/\/www.aq-arium.com\/aqmarine\/ola-de-calor-y-como-diferenciarla-de-las-temperaturas-del-verano\/#primaryimage"},"thumbnailUrl":"https:\/\/www.aq-arium.com\/aqmarine\/wp-content\/uploads\/2022\/07\/pexels-oliver-sjostrom-1433052-scaled.jpg","datePublished":"2022-07-18T07:33:53+00:00","dateModified":"2022-07-18T07:41:42+00:00","description":"Diferenciar una ola de calor con las temperaturas propias del verano no es siempre una tarea f\u00e1cil. Art\u00edculos","breadcrumb":{"@id":"https:\/\/www.aq-arium.com\/aqmarine\/ola-de-calor-y-como-diferenciarla-de-las-temperaturas-del-verano\/#breadcrumb"},"inLanguage":"es-ES","potentialAction":[{"@type":"ReadAction","target":["https:\/\/www.aq-arium.com\/aqmarine\/ola-de-calor-y-como-diferenciarla-de-las-temperaturas-del-verano\/"]}]},{"@type":"ImageObject","inLanguage":"es-ES","@id":"https:\/\/www.aq-arium.com\/aqmarine\/ola-de-calor-y-como-diferenciarla-de-las-temperaturas-del-verano\/#primaryimage","url":"https:\/\/www.aq-arium.com\/aqmarine\/wp-content\/uploads\/2022\/07\/pexels-oliver-sjostrom-1433052-scaled.jpg","contentUrl":"https:\/\/www.aq-arium.com\/aqmarine\/wp-content\/uploads\/2022\/07\/pexels-oliver-sjostrom-1433052-scaled.jpg","width":2048,"height":2560},{"@type":"BreadcrumbList","@id":"https:\/\/www.aq-arium.com\/aqmarine\/ola-de-calor-y-como-diferenciarla-de-las-temperaturas-del-verano\/#breadcrumb","itemListElement":[{"@type":"ListItem","position":1,"name":"Portada","item":"https:\/\/www.aq-arium.com\/aqmarine\/"},{"@type":"ListItem","position":2,"name":"Ola de calor y c\u00f3mo diferenciarla de las temperaturas del verano"}]},{"@type":"WebSite","@id":"https:\/\/www.aq-arium.com\/aqmarine\/#website","url":"https:\/\/www.aq-arium.com\/aqmarine\/","name":"AQ, Aquarium Solutions","description":"Productos para Acuario Marino y Dulce","publisher":{"@id":"https:\/\/www.aq-arium.com\/aqmarine\/#organization"},"potentialAction":[{"@type":"SearchAction","target":{"@type":"EntryPoint","urlTemplate":"https:\/\/www.aq-arium.com\/aqmarine\/?s={search_term_string}"},"query-input":{"@type":"PropertyValueSpecification","valueRequired":true,"valueName":"search_term_string"}}],"inLanguage":"es-ES"},{"@type":"Organization","@id":"https:\/\/www.aq-arium.com\/aqmarine\/#organization","name":"AQ-arium Solutions","url":"https:\/\/www.aq-arium.com\/aqmarine\/","logo":{"@type":"ImageObject","inLanguage":"es-ES","@id":"https:\/\/www.aq-arium.com\/aqmarine\/#\/schema\/logo\/image\/","url":"https:\/\/www.aq-arium.com\/aqmarine\/wp-content\/uploads\/2021\/08\/AQ-arium-Solutions-logo-100x47px-1.png","contentUrl":"https:\/\/www.aq-arium.com\/aqmarine\/wp-content\/uploads\/2021\/08\/AQ-arium-Solutions-logo-100x47px-1.png","width":100,"height":47,"caption":"AQ-arium Solutions"},"image":{"@id":"https:\/\/www.aq-arium.com\/aqmarine\/#\/schema\/logo\/image\/"},"sameAs":["https:\/\/www.instagram.com\/aq.arium\/","https:\/\/x.com\/AArium56877"]},{"@type":"Person","@id":"https:\/\/www.aq-arium.com\/aqmarine\/#\/schema\/person\/8da7885115f66b7bc9d95c7cdf2de69f","name":"Ramon","image":{"@type":"ImageObject","inLanguage":"es-ES","@id":"https:\/\/www.aq-arium.com\/aqmarine\/#\/schema\/person\/image\/","url":"https:\/\/www.aq-arium.com\/aqmarine\/wp-content\/litespeed\/avatar\/a5fa2772a59e07444469f4a330306bed.jpg?ver=1777683366","contentUrl":"https:\/\/www.aq-arium.com\/aqmarine\/wp-content\/litespeed\/avatar\/a5fa2772a59e07444469f4a330306bed.jpg?ver=1777683366","caption":"Ramon"},"url":"https:\/\/www.aq-arium.com\/aqmarine\/author\/aq\/"}]}},"jetpack_sharing_enabled":true,"jetpack_featured_media_url":"https:\/\/www.aq-arium.com\/aqmarine\/wp-content\/uploads\/2022\/07\/pexels-oliver-sjostrom-1433052-scaled.jpg","_links":{"self":[{"href":"https:\/\/www.aq-arium.com\/aqmarine\/wp-json\/wp\/v2\/posts\/26005","targetHints":{"allow":["GET"]}}],"collection":[{"href":"https:\/\/www.aq-arium.com\/aqmarine\/wp-json\/wp\/v2\/posts"}],"about":[{"href":"https:\/\/www.aq-arium.com\/aqmarine\/wp-json\/wp\/v2\/types\/post"}],"author":[{"embeddable":true,"href":"https:\/\/www.aq-arium.com\/aqmarine\/wp-json\/wp\/v2\/users\/1"}],"replies":[{"embeddable":true,"href":"https:\/\/www.aq-arium.com\/aqmarine\/wp-json\/wp\/v2\/comments?post=26005"}],"version-history":[{"count":0,"href":"https:\/\/www.aq-arium.com\/aqmarine\/wp-json\/wp\/v2\/posts\/26005\/revisions"}],"wp:featuredmedia":[{"embeddable":true,"href":"https:\/\/www.aq-arium.com\/aqmarine\/wp-json\/wp\/v2\/media\/26007"}],"wp:attachment":[{"href":"https:\/\/www.aq-arium.com\/aqmarine\/wp-json\/wp\/v2\/media?parent=26005"}],"wp:term":[{"taxonomy":"category","embeddable":true,"href":"https:\/\/www.aq-arium.com\/aqmarine\/wp-json\/wp\/v2\/categories?post=26005"},{"taxonomy":"post_tag","embeddable":true,"href":"https:\/\/www.aq-arium.com\/aqmarine\/wp-json\/wp\/v2\/tags?post=26005"}],"curies":[{"name":"wp","href":"https:\/\/api.w.org\/{rel}","templated":true}]}}