{"id":10574,"date":"2019-06-10T09:36:18","date_gmt":"2019-06-10T08:36:18","guid":{"rendered":"https:\/\/www.aq-arium.com\/aqmarine\/?p=10574"},"modified":"2020-11-25T11:50:55","modified_gmt":"2020-11-25T10:50:55","slug":"1a-jornadas-de-asacua-con-heiko-bleher","status":"publish","type":"post","link":"https:\/\/www.aq-arium.com\/aqmarine\/1a-jornadas-de-asacua-con-heiko-bleher\/","title":{"rendered":"1\u00aa Jornadas de ASACUA con Heiko Bleher"},"content":{"rendered":"<div id=\"js_1tx\" class=\"_5pbx userContent _3576\" data-testid=\"post_message\" data-ft=\"{&quot;tn&quot;:&quot;K&quot;}\">\n<div id=\"id_5cfe06c60be114235965230\" class=\"text_exposed_root text_exposed\">\n<p><span style=\"color: #000000;\">La Asociaci\u00f3n de Acuariof\u00edlia Alicantina prepara unas jornadas \u00fanicas para cualquier aficionado a la acuariofilia!\u00a0<\/span><\/p>\n<p><span style=\"color: #000000;\">Asacua es una Asociaci\u00f3n de Acuariof\u00edlia Alicantina desde la cual trabajan para reunir a todos los aficionados de la provincia, que se conozcan y velar por sus intereses. Juntos hacen grandes proyectos y pasan buenos ratos. Todo esto lo en un ambiente amistoso con gente muy sana y con ganas de pas\u00e1rselo bien, una pi\u00f1a de buenos amigos que les une una afici\u00f3n tan bonita como es la acuariof\u00edlia. Te aseguramos pasar un buen rato en las quedadas, con charlas muy agradables y constructivas, conocer\u00e1s lugares naturales donde poder disfrutar de la naturaleza y aprender mucho sobre acuariof\u00edlia.<\/span><\/p>\n<p>&nbsp;<\/p>\n<div class=\"text_exposed_show\">\n<p><span style=\"color: #000000;\"><img decoding=\"async\" src=\"https:\/\/scontent.fmad3-7.fna.fbcdn.net\/v\/t1.0-9\/62271389_1750820821730198_2088486615717511168_n.jpg?_nc_cat=103&amp;_nc_ht=scontent.fmad3-7.fna&amp;oh=777cc9ff7c38b1457b8cfdb361ef79e6&amp;oe=5D8033C9\" alt=\"La imagen puede contener: una persona, sonriendo\" \/><\/span><\/p>\n<p><span style=\"color: #000000;\"><img decoding=\"async\" src=\"https:\/\/scontent.fmad3-8.fna.fbcdn.net\/v\/t1.0-9\/62191006_1750820901730190_3295000116653457408_n.jpg?_nc_cat=101&amp;_nc_ht=scontent.fmad3-8.fna&amp;oh=fed80543d20fe7c284ba5399100db636&amp;oe=5D998009\" alt=\"No hay ninguna descripci\u00c3\u00b3n de la foto disponible.\" \/><\/span><\/p>\n<h3><span style=\"color: #000000;\"><strong>\u00bfQuien es Heiko Belher?<\/strong><\/span><\/h3>\n<p align=\"left\"><span style=\"color: #000000;\"><b>Heiko Bleher naci\u00f3 el 18 de octubre de 1944\u00a0<\/b>en un bunker, en las ruinas de Frankfurt. Era el cuarto hijo y benjam\u00edn de Ludwig Bleher y Amanda Flora Hilda Kiel. El padre de Amanda, Adolf Kiel, fue el famoso \u201cPadre de las Plantas Acu\u00e1ticas\u201d, pionero en el mundo del acuario moderno y promotor del mayor establecimiento de plantas y peces ornamentales de Frankfurt. En sus primeros tiempos, su aventurera hija Amanda viaj\u00f3 por todo el mundo recolectando especimenes animales y vegetales. Fue la primera mujer en montar en moto en Alemania, compitiendo contra hombres y venciendo en 148 carreras europeas de motocross. Tambi\u00e9n gan\u00f3 campeonatos de tenis, ping-pong (subcampeona del mundo), patinaje y patinaje sobre hielo, y fue la primera mujer en practicar el vuelo sin motor. Al igual\u00a0 que Amanda sigui\u00f3 los pasos de su padre, Heiko sigui\u00f3 los de su madre. Vio su primer Disco a la edad de 4 a\u00f1os, en una exhibici\u00f3n de acuario de su madre en las ruinas del zoo de Frankfurt. Posteriormente, viaj\u00f3 con su madre a \u00c1frica, y cuando ten\u00eda 6 a\u00f1os la sigui\u00f3 por toda Europa recolectando peces y plantas. Cuando cumpli\u00f3 los 7, su madre los cogi\u00f3 a \u00e9l, su hermano mayor y hermanas para su primera caza del Disco \u2013 una exploraci\u00f3n arriesgada, adentr\u00e1ndose en el \u201cinfierno verde\u201d de la jungla sudamericana. Llegaron a zonas habitadas por tribus indias desconocidas, algunas de las cuales hab\u00edan atacado y devorado a 4 misioneros recientemente. Convivieron con los nativos durante 6 meses, recogiendo 60 especies nuevas de plantas acu\u00e1ticas, incontables peces y muchos otros animales. Siendo todav\u00eda un ni\u00f1o, Heiko aprendi\u00f3 a vivir al estilo de los indios, compartiendo su misma comida y recolectando plantas y peces del Mato Grosso. Comprendi\u00f3 el modo de vida y las costumbres de los peces, y se familiariz\u00f3 con la gran diversidad de peces que existe en la naturaleza virgen. Tambi\u00e9n descubri\u00f3 la pira\u00f1a encofiada, aunque ning\u00fan Disco, al menos en aquellos tiempos.<\/span><\/p>\n<p align=\"left\"><span style=\"color: #000000;\">Despu\u00e9s de dos a\u00f1os, el retorno de Amanda Bleher con sus cuatro hijos a la civilizaci\u00f3n llen\u00f3 multitud de titulares por todo el mundo. En 1959 decidi\u00f3 establecerse permanentemente en Brasil. Fue all\u00ed donde Heiko ayud\u00f3 en la construcci\u00f3n de un vivero de plantas y un criadero de peces, en la jungla que rodea Rio. En 1962 se desplaz\u00f3 hasta Estados Unidos, donde se matricul\u00f3 en la Universidad del Sur de Florida, estudiando de noche y aprendiendo sobre los peces. Estudi\u00f3 ictiolog\u00eda, biolog\u00eda, limnolog\u00eda, oceanograf\u00eda, parasitolog\u00eda y muchas otras disciplinas. Durante el d\u00eda trabajaba en la Granja de Peces de Elsberry, y posteriormente en la Gulf Fish Farm. Dos a\u00f1os m\u00e1s tarde volvi\u00f3 a Rio para abrir su propio negocio, Aquarium Rio, y comenzar con su actividad recolectora en Brasil. Abri\u00f3 varias instalaciones en el interior, y posteriormente otras en diversos lugares de Sudam\u00e9rica. A finales de 1964 descubri\u00f3 la especie que iba a recibir su nombre \u2013\u00a0<i>Hemigrammus bleheri,\u00a0<\/i>el brillante tetra de cabeza color rojo, que en la actualidad se ha convertido en uno de los m\u00e1s populares peces de acuario. Tambi\u00e9n descubri\u00f3 el \u201cRoyal Blue\u201d o Azul Real, su primera l\u00ednea innovadora de Discos y famoso hoy en el mundo entero, as\u00ed como muchas otras especies. Algunos a\u00f1os m\u00e1s tarde Heiko explor\u00f3 muchas zonas, todav\u00eda intactas, y en 1967 traslad\u00f3\u00a0 su compa\u00f1ia Aquarium Rio a Alemania, volviendo todos los meses a Brasil y Sudam\u00e9rica para la recolecci\u00f3n.<\/span><\/p>\n<p style=\"text-align: center;\" align=\"left\"><span style=\"color: #000000;\">\u00a0<\/span><\/p>\n<p style=\"text-align: center;\" align=\"left\"><span style=\"color: #000000;\"><div class=\"ctsc-column ctsc-col2\"><\/span><br \/>\n<span style=\"color: #000000;\"> <img loading=\"lazy\" decoding=\"async\" class=\"size-full wp-image-59064 alignnone\" title=\"Image\" src=\"http:\/\/www.aquapress-bleher.com\/wp-content\/uploads\/2007\/01\/heiko_fish-collecting_ethi.jpg\" alt=\"Image\" width=\"265\" height=\"175\" border=\"0\" hspace=\"6\" \/><\/span><br \/>\n<span style=\"color: #000000;\"> Recolecci\u00f3n en western Ethiopia\u00a0<\/span><\/p>\n<p><span style=\"color: #000000;\"><\/div><div class=\"ctsc-column ctsc-col2 ctsc-col-last\"><\/span><\/p>\n<p><span style=\"color: #000000;\"><img loading=\"lazy\" decoding=\"async\" class=\" size-full wp-image-59070\" title=\"Image\" src=\"http:\/\/www.aquapress-bleher.com\/wp-content\/uploads\/2007\/01\/heiko-with-old-man_7-lakes.jpg\" alt=\"Image\" width=\"265\" height=\"175\" border=\"0\" hspace=\"6\" \/><\/span><br \/>\n<span style=\"color: #000000;\"> Urmetan, Tajikistan<\/span><\/p>\n<p style=\"text-align: center;\" align=\"left\"><span style=\"color: #000000;\"><\/div><div class=\"col-divide\"><\/div><\/span><\/p>\n<p style=\"text-align: left;\" align=\"left\"><span style=\"color: #000000;\">Tambi\u00e9n viaj\u00f3 por la regi\u00f3n del Amazonas hasta 10 veces en un solo a\u00f1o en busca de Discos y otras especies. En los a\u00f1os 70 ampli\u00f3 sus operaciones para cubrir \u00c1frica, Asia y Ocean\u00eda (Australia, Nueva Guinea, etc.), y comenz\u00f3 a dar charlas por todo el mundo. Realiz\u00f3 su primera pel\u00edcula del Disco para televisi\u00f3n, \u201cExpeditionsziel Aquarienfische\u201d, con la alemana ZDF, y muchas apariciones televisivas en varios pa\u00edses. Su primer libro sobre el Disco vio la luz en 1982, y ya tiene 10 reediciones. Desde entonces ha publicado art\u00edculos en revistas del Disco de todo el mundo. Su primer documental, \u201cWimpelpiranha\u201d, fue realizado en 1983, seguido por diversas pel\u00edculas de los peces de agua dulce de Nueva Guinea, Australia, Am\u00e9rica Central y Brasil, y por cuatro pel\u00edculas adicionales del Disco en la d\u00e9cada de los 90. Mayorista de peces en Frankfurt hasta 1997, suministr\u00f3 nuevas especies a los proveedores de todo el mundo, muchas provenientes de sus propios descubrimientos. Entre 1965 y 1997, aparte de introducir entre los aficionados las variantes salvajes \u2013 directamente o a trav\u00e9s de criadores \u2013 present\u00f3 m\u00e1s de 4.000 especies de peces de acuario que \u00e9l mismo\u00a0 hab\u00eda descubierto\u00a0 (o redescubierto). Esto incluye algunas variedades como el \u201cBlue headed Heckel\u201d (Heckel de Cabeza Azul), \u201cAlenquer\u201d, \u201cRed-spotted Greens\u201d (Verde de Manchas Rojas) de las regiones \u201cCoari\u201d y \u201cJapur\u00e1\u201d y el famoso Disco \u201cR\u00edo I\u00e7\u00e1\u201d, as\u00ed como los peces arcoiris\u00a0<i>Melanotaenia boesemani, M. lacustris y M. praecox<\/i>\u00a0(probablemente uno de los peces ornamentales m\u00e1s vendido en este momento), \u00e1ngeles como el\u00a0<i>Pterophyllum altum,\u00a0<\/i>enanos como el\u00a0<i>Nanochromis nudiceps<\/i>\u00a0y el\u00a0<i>Steatocranus bleheri\u00a0<\/i>o el\u00a0<i>Channa bleheri.<\/i>\u00a0Entre los peces atribuibles a las exploraciones de Heiko se encuentran muchos loric\u00e1ridos (hasta 800), nuevas especies de Corydora, casi incontables tetras y c\u00edclidos enanos de \u00c1frica Occidental y Sudam\u00e9rica, peces cuchillo, peces globo y platijas. Uno de sus descubrimientos m\u00e1s destacados es el pez sierra de agua dulce, en 1982, en un remoto lago australiano. Debido a sus contribuciones a esta afici\u00f3n, Heiko fue elegido Hombre del A\u00f1o en Inglaterra en 1993 y posteriormente en Francia. Ostenta muchos otros t\u00edtulos y se ha reunido con reyes, presidentes, embajadores y senadores. Lo que m\u00e1s le gusta y donde se encuentra a sus anchas es en lo m\u00e1s profundo de la jungla, buscando nuevos y raros peces<\/span><\/p>\n<p align=\"left\"><span style=\"color: #000000;\">En 1992 cre\u00f3 la revista trimestral\u00a0<b>aqua ge\u00f5graphia<\/b>, para ediciones Aquaprint (hoy Aquapress), una publicaci\u00f3n exclusiva dedicada a los h\u00e1bitats singulares y salvajes, las expediciones a nuevos lugares a\u00fan no cartografiados, especies en peligro de extinci\u00f3n, biolog\u00eda, herpetolog\u00eda, bot\u00e1nica, mitolog\u00eda y leyendas, el maravilloso mundo subacu\u00e1tico, y muchas otras cuestiones relacionadas. Es el director ejecutivo del diario cient\u00edfico\u00a0<b>aqua<\/b>, y todav\u00eda encuentra tiempo para escribir numerosos art\u00edculos. Lleva m\u00e1s de 15 a\u00f1os trabajando en un libro de pr\u00f3xima aparici\u00f3n en el que trata los peces de agua dulce y salada. Las conferencias lo llevan de un lado a otro del globo todos los a\u00f1os, y a menudo es invitado a ser jurado en exposiciones de peces (Discos principalmente). Tambi\u00e9n colabor\u00f3 en la organizaci\u00f3n de la Primera Muestra y Exhibici\u00f3n de Discos de 1986 en Tokio, coordin\u00f3 las tres primeras Exhibiciones y Conferencias de Aquarama celebradas anualmente en Singapur, y muchas otras actividades.\u00a0<\/span><br \/>\n<span style=\"color: #000000;\"> Heiko sigue viajando a zonas remotas de la jungla casi todos los a\u00f1os a fin de hallar nuevas especies, y varias veces al a\u00f1o remonta el Amazonas en busca de Discos de regiones remotas e inexploradas.\u00a0<\/span><br \/>\n<span style=\"color: #000000;\"> Su vida est\u00e1 dedicada a los peces.<\/span><\/p>\n<\/div>\n<\/div>\n<\/div>\n<div class=\"_3x-2\" data-ft=\"{&quot;tn&quot;:&quot;H&quot;}\"><span style=\"color: #000000;\">\u00a0<\/span><\/div>\n","protected":false},"excerpt":{"rendered":"<p>La Asociaci\u00f3n de Acuariof\u00edlia Alicantina prepara unas jornadas \u00fanicas para cualquier aficionado a la acuariofilia!\u00a0 Asacua es una Asociaci\u00f3n de Acuariof\u00edlia Alicantina desde la cual trabajan para reunir a todos los aficionados de la provincia, que se conozcan y velar por sus intereses. Juntos hacen grandes proyectos y pasan buenos ratos. Todo esto lo en [&hellip;]<\/p>\n","protected":false},"author":1,"featured_media":10582,"comment_status":"closed","ping_status":"open","sticky":false,"template":"","format":"standard","meta":{"_acf_changed":false,"_jetpack_memberships_contains_paid_content":false,"footnotes":""},"categories":[415],"tags":[],"class_list":["post-10574","post","type-post","status-publish","format-standard","has-post-thumbnail","hentry","category-articulo"],"acf":[],"yoast_head":"<!-- This site is optimized with the Yoast SEO plugin v23.9 - https:\/\/yoast.com\/wordpress\/plugins\/seo\/ -->\n<title>1\u00aa Jornadas de ASACUA con Heiko Bleher - AQ, Aquarium Solutions<\/title>\n<meta name=\"description\" content=\"1\u00aa Jornadas de ASACUA con Heiko Bleher\" \/>\n<meta name=\"robots\" content=\"index, follow, max-snippet:-1, max-image-preview:large, max-video-preview:-1\" \/>\n<link rel=\"canonical\" href=\"https:\/\/www.aq-arium.com\/aqmarine\/1a-jornadas-de-asacua-con-heiko-bleher\/\" \/>\n<meta property=\"og:locale\" content=\"es_ES\" \/>\n<meta property=\"og:type\" content=\"article\" \/>\n<meta property=\"og:title\" content=\"1\u00aa Jornadas de ASACUA con Heiko Bleher - AQ, Aquarium Solutions\" \/>\n<meta property=\"og:description\" content=\"1\u00aa Jornadas de ASACUA con Heiko Bleher\" \/>\n<meta property=\"og:url\" content=\"https:\/\/www.aq-arium.com\/aqmarine\/1a-jornadas-de-asacua-con-heiko-bleher\/\" \/>\n<meta property=\"og:site_name\" content=\"AQ, Aquarium Solutions\" \/>\n<meta property=\"article:publisher\" content=\"https:\/\/www.instagram.com\/aq.arium\/\" \/>\n<meta property=\"article:published_time\" content=\"2019-06-10T08:36:18+00:00\" \/>\n<meta property=\"article:modified_time\" content=\"2020-11-25T10:50:55+00:00\" \/>\n<meta property=\"og:image\" content=\"https:\/\/www.aq-arium.com\/aqmarine\/wp-content\/uploads\/2019\/06\/el-biologo-aleman-heiko-bleher-participa-en-unas-jornadas-en-el-acuario-de-zaragoza.jpeg\" \/>\n\t<meta property=\"og:image:width\" content=\"1200\" \/>\n\t<meta property=\"og:image:height\" content=\"675\" \/>\n\t<meta property=\"og:image:type\" content=\"image\/jpeg\" \/>\n<meta name=\"author\" content=\"Ramon\" \/>\n<meta name=\"twitter:card\" content=\"summary_large_image\" \/>\n<meta name=\"twitter:creator\" content=\"@AArium56877\" \/>\n<meta name=\"twitter:site\" content=\"@AArium56877\" \/>\n<meta name=\"twitter:label1\" content=\"Escrito por\" \/>\n\t<meta name=\"twitter:data1\" content=\"Ramon\" \/>\n\t<meta name=\"twitter:label2\" content=\"Tiempo de lectura\" \/>\n\t<meta name=\"twitter:data2\" content=\"7 minutos\" \/>\n<script type=\"application\/ld+json\" class=\"yoast-schema-graph\">{\"@context\":\"https:\/\/schema.org\",\"@graph\":[{\"@type\":\"Article\",\"@id\":\"https:\/\/www.aq-arium.com\/aqmarine\/1a-jornadas-de-asacua-con-heiko-bleher\/#article\",\"isPartOf\":{\"@id\":\"https:\/\/www.aq-arium.com\/aqmarine\/1a-jornadas-de-asacua-con-heiko-bleher\/\"},\"author\":{\"name\":\"Ramon\",\"@id\":\"https:\/\/www.aq-arium.com\/aqmarine\/#\/schema\/person\/8da7885115f66b7bc9d95c7cdf2de69f\"},\"headline\":\"1\u00aa Jornadas de ASACUA con Heiko Bleher\",\"datePublished\":\"2019-06-10T08:36:18+00:00\",\"dateModified\":\"2020-11-25T10:50:55+00:00\",\"mainEntityOfPage\":{\"@id\":\"https:\/\/www.aq-arium.com\/aqmarine\/1a-jornadas-de-asacua-con-heiko-bleher\/\"},\"wordCount\":1354,\"publisher\":{\"@id\":\"https:\/\/www.aq-arium.com\/aqmarine\/#organization\"},\"image\":{\"@id\":\"https:\/\/www.aq-arium.com\/aqmarine\/1a-jornadas-de-asacua-con-heiko-bleher\/#primaryimage\"},\"thumbnailUrl\":\"https:\/\/www.aq-arium.com\/aqmarine\/wp-content\/uploads\/2019\/06\/el-biologo-aleman-heiko-bleher-participa-en-unas-jornadas-en-el-acuario-de-zaragoza.jpeg\",\"articleSection\":[\"Art\u00edculos\"],\"inLanguage\":\"es-ES\"},{\"@type\":\"WebPage\",\"@id\":\"https:\/\/www.aq-arium.com\/aqmarine\/1a-jornadas-de-asacua-con-heiko-bleher\/\",\"url\":\"https:\/\/www.aq-arium.com\/aqmarine\/1a-jornadas-de-asacua-con-heiko-bleher\/\",\"name\":\"1\u00aa Jornadas de ASACUA con Heiko Bleher - AQ, Aquarium Solutions\",\"isPartOf\":{\"@id\":\"https:\/\/www.aq-arium.com\/aqmarine\/#website\"},\"primaryImageOfPage\":{\"@id\":\"https:\/\/www.aq-arium.com\/aqmarine\/1a-jornadas-de-asacua-con-heiko-bleher\/#primaryimage\"},\"image\":{\"@id\":\"https:\/\/www.aq-arium.com\/aqmarine\/1a-jornadas-de-asacua-con-heiko-bleher\/#primaryimage\"},\"thumbnailUrl\":\"https:\/\/www.aq-arium.com\/aqmarine\/wp-content\/uploads\/2019\/06\/el-biologo-aleman-heiko-bleher-participa-en-unas-jornadas-en-el-acuario-de-zaragoza.jpeg\",\"datePublished\":\"2019-06-10T08:36:18+00:00\",\"dateModified\":\"2020-11-25T10:50:55+00:00\",\"description\":\"1\u00aa Jornadas de ASACUA con Heiko Bleher\",\"breadcrumb\":{\"@id\":\"https:\/\/www.aq-arium.com\/aqmarine\/1a-jornadas-de-asacua-con-heiko-bleher\/#breadcrumb\"},\"inLanguage\":\"es-ES\",\"potentialAction\":[{\"@type\":\"ReadAction\",\"target\":[\"https:\/\/www.aq-arium.com\/aqmarine\/1a-jornadas-de-asacua-con-heiko-bleher\/\"]}]},{\"@type\":\"ImageObject\",\"inLanguage\":\"es-ES\",\"@id\":\"https:\/\/www.aq-arium.com\/aqmarine\/1a-jornadas-de-asacua-con-heiko-bleher\/#primaryimage\",\"url\":\"https:\/\/www.aq-arium.com\/aqmarine\/wp-content\/uploads\/2019\/06\/el-biologo-aleman-heiko-bleher-participa-en-unas-jornadas-en-el-acuario-de-zaragoza.jpeg\",\"contentUrl\":\"https:\/\/www.aq-arium.com\/aqmarine\/wp-content\/uploads\/2019\/06\/el-biologo-aleman-heiko-bleher-participa-en-unas-jornadas-en-el-acuario-de-zaragoza.jpeg\",\"width\":1200,\"height\":675},{\"@type\":\"BreadcrumbList\",\"@id\":\"https:\/\/www.aq-arium.com\/aqmarine\/1a-jornadas-de-asacua-con-heiko-bleher\/#breadcrumb\",\"itemListElement\":[{\"@type\":\"ListItem\",\"position\":1,\"name\":\"Portada\",\"item\":\"https:\/\/www.aq-arium.com\/aqmarine\/\"},{\"@type\":\"ListItem\",\"position\":2,\"name\":\"1\u00aa Jornadas de ASACUA con Heiko Bleher\"}]},{\"@type\":\"WebSite\",\"@id\":\"https:\/\/www.aq-arium.com\/aqmarine\/#website\",\"url\":\"https:\/\/www.aq-arium.com\/aqmarine\/\",\"name\":\"AQ, Aquarium Solutions\",\"description\":\"Productos para Acuario Marino y Dulce\",\"publisher\":{\"@id\":\"https:\/\/www.aq-arium.com\/aqmarine\/#organization\"},\"potentialAction\":[{\"@type\":\"SearchAction\",\"target\":{\"@type\":\"EntryPoint\",\"urlTemplate\":\"https:\/\/www.aq-arium.com\/aqmarine\/?s={search_term_string}\"},\"query-input\":{\"@type\":\"PropertyValueSpecification\",\"valueRequired\":true,\"valueName\":\"search_term_string\"}}],\"inLanguage\":\"es-ES\"},{\"@type\":\"Organization\",\"@id\":\"https:\/\/www.aq-arium.com\/aqmarine\/#organization\",\"name\":\"AQ-arium Solutions\",\"url\":\"https:\/\/www.aq-arium.com\/aqmarine\/\",\"logo\":{\"@type\":\"ImageObject\",\"inLanguage\":\"es-ES\",\"@id\":\"https:\/\/www.aq-arium.com\/aqmarine\/#\/schema\/logo\/image\/\",\"url\":\"https:\/\/www.aq-arium.com\/aqmarine\/wp-content\/uploads\/2021\/08\/AQ-arium-Solutions-logo-100x47px-1.png\",\"contentUrl\":\"https:\/\/www.aq-arium.com\/aqmarine\/wp-content\/uploads\/2021\/08\/AQ-arium-Solutions-logo-100x47px-1.png\",\"width\":100,\"height\":47,\"caption\":\"AQ-arium Solutions\"},\"image\":{\"@id\":\"https:\/\/www.aq-arium.com\/aqmarine\/#\/schema\/logo\/image\/\"},\"sameAs\":[\"https:\/\/www.instagram.com\/aq.arium\/\",\"https:\/\/x.com\/AArium56877\"]},{\"@type\":\"Person\",\"@id\":\"https:\/\/www.aq-arium.com\/aqmarine\/#\/schema\/person\/8da7885115f66b7bc9d95c7cdf2de69f\",\"name\":\"Ramon\",\"image\":{\"@type\":\"ImageObject\",\"inLanguage\":\"es-ES\",\"@id\":\"https:\/\/www.aq-arium.com\/aqmarine\/#\/schema\/person\/image\/\",\"url\":\"https:\/\/www.aq-arium.com\/aqmarine\/wp-content\/litespeed\/avatar\/a5fa2772a59e07444469f4a330306bed.jpg?ver=1777078473\",\"contentUrl\":\"https:\/\/www.aq-arium.com\/aqmarine\/wp-content\/litespeed\/avatar\/a5fa2772a59e07444469f4a330306bed.jpg?ver=1777078473\",\"caption\":\"Ramon\"},\"url\":\"https:\/\/www.aq-arium.com\/aqmarine\/author\/aq\/\"}]}<\/script>\n<!-- \/ Yoast SEO plugin. -->","yoast_head_json":{"title":"1\u00aa Jornadas de ASACUA con Heiko Bleher - AQ, Aquarium Solutions","description":"1\u00aa Jornadas de ASACUA con Heiko Bleher","robots":{"index":"index","follow":"follow","max-snippet":"max-snippet:-1","max-image-preview":"max-image-preview:large","max-video-preview":"max-video-preview:-1"},"canonical":"https:\/\/www.aq-arium.com\/aqmarine\/1a-jornadas-de-asacua-con-heiko-bleher\/","og_locale":"es_ES","og_type":"article","og_title":"1\u00aa Jornadas de ASACUA con Heiko Bleher - AQ, Aquarium Solutions","og_description":"1\u00aa Jornadas de ASACUA con Heiko Bleher","og_url":"https:\/\/www.aq-arium.com\/aqmarine\/1a-jornadas-de-asacua-con-heiko-bleher\/","og_site_name":"AQ, Aquarium Solutions","article_publisher":"https:\/\/www.instagram.com\/aq.arium\/","article_published_time":"2019-06-10T08:36:18+00:00","article_modified_time":"2020-11-25T10:50:55+00:00","og_image":[{"width":1200,"height":675,"url":"https:\/\/www.aq-arium.com\/aqmarine\/wp-content\/uploads\/2019\/06\/el-biologo-aleman-heiko-bleher-participa-en-unas-jornadas-en-el-acuario-de-zaragoza.jpeg","type":"image\/jpeg"}],"author":"Ramon","twitter_card":"summary_large_image","twitter_creator":"@AArium56877","twitter_site":"@AArium56877","twitter_misc":{"Escrito por":"Ramon","Tiempo de lectura":"7 minutos"},"schema":{"@context":"https:\/\/schema.org","@graph":[{"@type":"Article","@id":"https:\/\/www.aq-arium.com\/aqmarine\/1a-jornadas-de-asacua-con-heiko-bleher\/#article","isPartOf":{"@id":"https:\/\/www.aq-arium.com\/aqmarine\/1a-jornadas-de-asacua-con-heiko-bleher\/"},"author":{"name":"Ramon","@id":"https:\/\/www.aq-arium.com\/aqmarine\/#\/schema\/person\/8da7885115f66b7bc9d95c7cdf2de69f"},"headline":"1\u00aa Jornadas de ASACUA con Heiko Bleher","datePublished":"2019-06-10T08:36:18+00:00","dateModified":"2020-11-25T10:50:55+00:00","mainEntityOfPage":{"@id":"https:\/\/www.aq-arium.com\/aqmarine\/1a-jornadas-de-asacua-con-heiko-bleher\/"},"wordCount":1354,"publisher":{"@id":"https:\/\/www.aq-arium.com\/aqmarine\/#organization"},"image":{"@id":"https:\/\/www.aq-arium.com\/aqmarine\/1a-jornadas-de-asacua-con-heiko-bleher\/#primaryimage"},"thumbnailUrl":"https:\/\/www.aq-arium.com\/aqmarine\/wp-content\/uploads\/2019\/06\/el-biologo-aleman-heiko-bleher-participa-en-unas-jornadas-en-el-acuario-de-zaragoza.jpeg","articleSection":["Art\u00edculos"],"inLanguage":"es-ES"},{"@type":"WebPage","@id":"https:\/\/www.aq-arium.com\/aqmarine\/1a-jornadas-de-asacua-con-heiko-bleher\/","url":"https:\/\/www.aq-arium.com\/aqmarine\/1a-jornadas-de-asacua-con-heiko-bleher\/","name":"1\u00aa Jornadas de ASACUA con Heiko Bleher - AQ, Aquarium Solutions","isPartOf":{"@id":"https:\/\/www.aq-arium.com\/aqmarine\/#website"},"primaryImageOfPage":{"@id":"https:\/\/www.aq-arium.com\/aqmarine\/1a-jornadas-de-asacua-con-heiko-bleher\/#primaryimage"},"image":{"@id":"https:\/\/www.aq-arium.com\/aqmarine\/1a-jornadas-de-asacua-con-heiko-bleher\/#primaryimage"},"thumbnailUrl":"https:\/\/www.aq-arium.com\/aqmarine\/wp-content\/uploads\/2019\/06\/el-biologo-aleman-heiko-bleher-participa-en-unas-jornadas-en-el-acuario-de-zaragoza.jpeg","datePublished":"2019-06-10T08:36:18+00:00","dateModified":"2020-11-25T10:50:55+00:00","description":"1\u00aa Jornadas de ASACUA con Heiko Bleher","breadcrumb":{"@id":"https:\/\/www.aq-arium.com\/aqmarine\/1a-jornadas-de-asacua-con-heiko-bleher\/#breadcrumb"},"inLanguage":"es-ES","potentialAction":[{"@type":"ReadAction","target":["https:\/\/www.aq-arium.com\/aqmarine\/1a-jornadas-de-asacua-con-heiko-bleher\/"]}]},{"@type":"ImageObject","inLanguage":"es-ES","@id":"https:\/\/www.aq-arium.com\/aqmarine\/1a-jornadas-de-asacua-con-heiko-bleher\/#primaryimage","url":"https:\/\/www.aq-arium.com\/aqmarine\/wp-content\/uploads\/2019\/06\/el-biologo-aleman-heiko-bleher-participa-en-unas-jornadas-en-el-acuario-de-zaragoza.jpeg","contentUrl":"https:\/\/www.aq-arium.com\/aqmarine\/wp-content\/uploads\/2019\/06\/el-biologo-aleman-heiko-bleher-participa-en-unas-jornadas-en-el-acuario-de-zaragoza.jpeg","width":1200,"height":675},{"@type":"BreadcrumbList","@id":"https:\/\/www.aq-arium.com\/aqmarine\/1a-jornadas-de-asacua-con-heiko-bleher\/#breadcrumb","itemListElement":[{"@type":"ListItem","position":1,"name":"Portada","item":"https:\/\/www.aq-arium.com\/aqmarine\/"},{"@type":"ListItem","position":2,"name":"1\u00aa Jornadas de ASACUA con Heiko Bleher"}]},{"@type":"WebSite","@id":"https:\/\/www.aq-arium.com\/aqmarine\/#website","url":"https:\/\/www.aq-arium.com\/aqmarine\/","name":"AQ, Aquarium Solutions","description":"Productos para Acuario Marino y Dulce","publisher":{"@id":"https:\/\/www.aq-arium.com\/aqmarine\/#organization"},"potentialAction":[{"@type":"SearchAction","target":{"@type":"EntryPoint","urlTemplate":"https:\/\/www.aq-arium.com\/aqmarine\/?s={search_term_string}"},"query-input":{"@type":"PropertyValueSpecification","valueRequired":true,"valueName":"search_term_string"}}],"inLanguage":"es-ES"},{"@type":"Organization","@id":"https:\/\/www.aq-arium.com\/aqmarine\/#organization","name":"AQ-arium Solutions","url":"https:\/\/www.aq-arium.com\/aqmarine\/","logo":{"@type":"ImageObject","inLanguage":"es-ES","@id":"https:\/\/www.aq-arium.com\/aqmarine\/#\/schema\/logo\/image\/","url":"https:\/\/www.aq-arium.com\/aqmarine\/wp-content\/uploads\/2021\/08\/AQ-arium-Solutions-logo-100x47px-1.png","contentUrl":"https:\/\/www.aq-arium.com\/aqmarine\/wp-content\/uploads\/2021\/08\/AQ-arium-Solutions-logo-100x47px-1.png","width":100,"height":47,"caption":"AQ-arium Solutions"},"image":{"@id":"https:\/\/www.aq-arium.com\/aqmarine\/#\/schema\/logo\/image\/"},"sameAs":["https:\/\/www.instagram.com\/aq.arium\/","https:\/\/x.com\/AArium56877"]},{"@type":"Person","@id":"https:\/\/www.aq-arium.com\/aqmarine\/#\/schema\/person\/8da7885115f66b7bc9d95c7cdf2de69f","name":"Ramon","image":{"@type":"ImageObject","inLanguage":"es-ES","@id":"https:\/\/www.aq-arium.com\/aqmarine\/#\/schema\/person\/image\/","url":"https:\/\/www.aq-arium.com\/aqmarine\/wp-content\/litespeed\/avatar\/a5fa2772a59e07444469f4a330306bed.jpg?ver=1777078473","contentUrl":"https:\/\/www.aq-arium.com\/aqmarine\/wp-content\/litespeed\/avatar\/a5fa2772a59e07444469f4a330306bed.jpg?ver=1777078473","caption":"Ramon"},"url":"https:\/\/www.aq-arium.com\/aqmarine\/author\/aq\/"}]}},"jetpack_sharing_enabled":true,"jetpack_featured_media_url":"https:\/\/www.aq-arium.com\/aqmarine\/wp-content\/uploads\/2019\/06\/el-biologo-aleman-heiko-bleher-participa-en-unas-jornadas-en-el-acuario-de-zaragoza.jpeg","_links":{"self":[{"href":"https:\/\/www.aq-arium.com\/aqmarine\/wp-json\/wp\/v2\/posts\/10574","targetHints":{"allow":["GET"]}}],"collection":[{"href":"https:\/\/www.aq-arium.com\/aqmarine\/wp-json\/wp\/v2\/posts"}],"about":[{"href":"https:\/\/www.aq-arium.com\/aqmarine\/wp-json\/wp\/v2\/types\/post"}],"author":[{"embeddable":true,"href":"https:\/\/www.aq-arium.com\/aqmarine\/wp-json\/wp\/v2\/users\/1"}],"replies":[{"embeddable":true,"href":"https:\/\/www.aq-arium.com\/aqmarine\/wp-json\/wp\/v2\/comments?post=10574"}],"version-history":[{"count":0,"href":"https:\/\/www.aq-arium.com\/aqmarine\/wp-json\/wp\/v2\/posts\/10574\/revisions"}],"wp:featuredmedia":[{"embeddable":true,"href":"https:\/\/www.aq-arium.com\/aqmarine\/wp-json\/wp\/v2\/media\/10582"}],"wp:attachment":[{"href":"https:\/\/www.aq-arium.com\/aqmarine\/wp-json\/wp\/v2\/media?parent=10574"}],"wp:term":[{"taxonomy":"category","embeddable":true,"href":"https:\/\/www.aq-arium.com\/aqmarine\/wp-json\/wp\/v2\/categories?post=10574"},{"taxonomy":"post_tag","embeddable":true,"href":"https:\/\/www.aq-arium.com\/aqmarine\/wp-json\/wp\/v2\/tags?post=10574"}],"curies":[{"name":"wp","href":"https:\/\/api.w.org\/{rel}","templated":true}]}}